{"id":3536,"date":"2021-07-15T09:07:00","date_gmt":"2021-07-15T07:07:00","guid":{"rendered":"https:\/\/www.nbi-ngf.ch\/?p=3536"},"modified":"2026-04-20T06:58:02","modified_gmt":"2026-04-20T04:58:02","slug":"royaume-uni","status":"publish","type":"post","link":"https:\/\/www.nbi-ngf.ch\/fr\/2021\/07\/15\/royaume-uni\/","title":{"rendered":"Royaume-Uni"},"content":{"rendered":"\t\t<div data-elementor-type=\"wp-post\" data-elementor-id=\"3536\" class=\"elementor elementor-3536 elementor-2230\" data-elementor-post-type=\"post\">\n\t\t\t\t<div class=\"elementor-element elementor-element-d01cd97 e-flex e-con-boxed e-con e-parent\" data-id=\"d01cd97\" data-element_type=\"container\" data-e-type=\"container\">\n\t\t\t\t\t<div class=\"e-con-inner\">\n\t\t<div class=\"elementor-element elementor-element-f1fe997 e-con-full e-flex e-con e-child\" data-id=\"f1fe997\" data-element_type=\"container\" data-e-type=\"container\">\n\t\t\t\t<div class=\"elementor-element elementor-element-4ce322f elementor-widget elementor-widget-heading\" data-id=\"4ce322f\" data-element_type=\"widget\" data-e-type=\"widget\" data-widget_type=\"heading.default\">\n\t\t\t\t<div class=\"elementor-widget-container\">\n\t\t\t\t\t<h3 class=\"elementor-heading-title elementor-size-default\">Royaume-Uni<\/h3>\t\t\t\t<\/div>\n\t\t\t\t<\/div>\n\t\t\t\t<div class=\"elementor-element elementor-element-06ce692 elementor-widget-divider--view-line elementor-widget elementor-widget-divider\" data-id=\"06ce692\" data-element_type=\"widget\" data-e-type=\"widget\" data-widget_type=\"divider.default\">\n\t\t\t\t<div class=\"elementor-widget-container\">\n\t\t\t\t\t\t\t<div class=\"elementor-divider\">\n\t\t\t<span class=\"elementor-divider-separator\">\n\t\t\t\t\t\t<\/span>\n\t\t<\/div>\n\t\t\t\t\t\t<\/div>\n\t\t\t\t<\/div>\n\t\t\t\t<div class=\"elementor-element elementor-element-13838d7 subtitle elementor-widget elementor-widget-heading\" data-id=\"13838d7\" data-element_type=\"widget\" data-e-type=\"widget\" data-widget_type=\"heading.default\">\n\t\t\t\t<div class=\"elementor-widget-container\">\n\t\t\t\t\t<h3 class=\"elementor-heading-title elementor-size-default\">\nModification du signe distinctif des v\u00e9hicules immatricul\u00e9s au Royaume-Uni de GB vers UK\n\n<\/h3>\t\t\t\t<\/div>\n\t\t\t\t<\/div>\n\t\t\t\t<div class=\"elementor-element elementor-element-8b72610 elementor-widget elementor-widget-text-editor\" data-id=\"8b72610\" data-element_type=\"widget\" data-e-type=\"widget\" data-widget_type=\"text-editor.default\">\n\t\t\t\t<div class=\"elementor-widget-container\">\n\t\t\t\t\t\t\t\t\t<p>Le Royaume-Uni remplace\u00a0le signe distinctif qui s&rsquo;appliquait jusqu&rsquo;\u00e0 pr\u00e9sent aux v\u00e9hicules immatricul\u00e9s dans cet Etat dans le cadre du trafic international\u00a0de \u00ab\u00a0GB\u00a0\u00bb par \u00ab\u00a0UK\u00a0\u00bb, et ce \u00e0 compter du 28 septembre 2021. Cela n\u00e9cessite une adaptation de la carte d&rsquo;assurance internationale (carte verte), pour laquelle une p\u00e9riode de mise en \u0153uvre de deux ans s&rsquo;applique.\u00a0<\/p>\t\t\t\t\t\t\t\t<\/div>\n\t\t\t\t<\/div>\n\t\t\t\t<div class=\"elementor-element elementor-element-6085ca3 subtitle elementor-widget elementor-widget-heading\" data-id=\"6085ca3\" data-element_type=\"widget\" data-e-type=\"widget\" data-widget_type=\"heading.default\">\n\t\t\t\t<div class=\"elementor-widget-container\">\n\t\t\t\t\t<h3 class=\"elementor-heading-title elementor-size-default\">Fin des contr\u00f4les syst\u00e9matiques de l\u2019assurance pour les v\u00e9hicules immatricul\u00e9s au Royaume-Uni<\/h3>\t\t\t\t<\/div>\n\t\t\t\t<\/div>\n\t\t\t\t<div class=\"elementor-element elementor-element-d9786f6 elementor-widget elementor-widget-text-editor\" data-id=\"d9786f6\" data-element_type=\"widget\" data-e-type=\"widget\" data-widget_type=\"text-editor.default\">\n\t\t\t\t<div class=\"elementor-widget-container\">\n\t\t\t\t\t\t\t\t\t<p>Bien que la sortie du Royaume-Uni de l\u2019UE n&rsquo;ait en principe jamais affect\u00e9 la participation du bureau d&rsquo;assurance britannique \u00e0 l&rsquo;accord sur les plaques d&rsquo;immatriculation, des incertitudes juridiques concernant la preuve de l&rsquo;obligation d&rsquo;assurance au sein de l&rsquo;EEE subsistaient apr\u00e8s le Brexit. Dans le cadre de la d\u00e9cision susmentionn\u00e9e, la Commission europ\u00e9enne a d\u00e9sormais lev\u00e9 ces incertitudes.<\/p><p>\u00c0 partir du 2 ao\u00fbt 2021, le contr\u00f4le syst\u00e9matique de la couverture d&rsquo;assurance RC suffisante des v\u00e9hicules en provenance du Royaume-Uni est \u00e0 nouveau prohib\u00e9 au sein de l&rsquo;EEE. Cela signifie que dans les relations mutuelles entre le Royaume-Uni et les autres \u00c9tats de l&rsquo;accord sur les plaques, la plaque d&rsquo;immatriculation sera \u00e0 nouveau consid\u00e9r\u00e9e comme preuve suffisante du respect de l&rsquo;obligation d&rsquo;assurance. Il n\u2019est plus n\u00e9cessaire d\u2019\u00eatre en possession d&rsquo;une carte d&rsquo;assurance internationale (carte verte) lors de l\u2019entr\u00e9e au Royaume-Uni.\u00a0<\/p><p>Cette partie de la d\u00e9cision n&rsquo;est pas pertinente du point de vue de la Suisse, car les autorit\u00e9s suisses se sont abstenues de contr\u00f4ler l&rsquo;assurance obligatoire de ces v\u00e9hicules ind\u00e9pendamment du Brexit. Il n&rsquo;y avait aucune raison de proc\u00e9der \u00e0 de tels contr\u00f4les, car la subordination du bureau d&rsquo;assurance britannique \u00e0 l&rsquo;accord multilat\u00e9ral n&rsquo;\u00e9tait pas affect\u00e9e par le Brexit.<\/p>\t\t\t\t\t\t\t\t<\/div>\n\t\t\t\t<\/div>\n\t\t\t\t<\/div>\n\t\t<div class=\"elementor-element elementor-element-a01db52 e-con-full e-flex e-con e-child\" data-id=\"a01db52\" data-element_type=\"container\" data-e-type=\"container\">\n\t\t\t\t<\/div>\n\t\t\t\t\t<\/div>\n\t\t\t\t<\/div>\n\t\t<div class=\"elementor-element elementor-element-6d0dae6 e-flex e-con-boxed e-con e-parent\" data-id=\"6d0dae6\" data-element_type=\"container\" data-e-type=\"container\">\n\t\t\t\t\t<div class=\"e-con-inner\">\n\t\t\t\t<div class=\"elementor-element elementor-element-46e610a elementor-widget elementor-widget-spacer\" data-id=\"46e610a\" data-element_type=\"widget\" data-e-type=\"widget\" data-widget_type=\"spacer.default\">\n\t\t\t\t<div class=\"elementor-widget-container\">\n\t\t\t\t\t\t\t<div class=\"elementor-spacer\">\n\t\t\t<div class=\"elementor-spacer-inner\"><\/div>\n\t\t<\/div>\n\t\t\t\t\t\t<\/div>\n\t\t\t\t<\/div>\n\t\t\t\t\t<\/div>\n\t\t\t\t<\/div>\n\t\t\t\t<\/div>\n\t\t","protected":false},"excerpt":{"rendered":"<p>Le Royaume-Uni remplacera le signe distinctif \u00ab GB \u00bb par \u00ab UK \u00bb le 28 septembre 2021, ce qui n\u00e9cessitera une adaptation de la carte verte avec un d\u00e9lai de mise en \u0153uvre de deux ans.<\/p>\n","protected":false},"author":1,"featured_media":2595,"comment_status":"closed","ping_status":"closed","sticky":false,"template":"","format":"standard","meta":{"_acf_changed":false,"footnotes":""},"categories":[25],"tags":[],"class_list":["post-3536","post","type-post","status-publish","format-standard","has-post-thumbnail","hentry","category-aktuell-fr"],"acf":[],"yoast_head":"<!-- This site is optimized with the Yoast SEO plugin v27.4 - https:\/\/yoast.com\/product\/yoast-seo-wordpress\/ -->\n<title>Royaume-Uni - Nationales Versicherungsb\u00fcro | Nationaler Garantiefonds<\/title>\n<meta name=\"robots\" content=\"index, follow, max-snippet:-1, max-image-preview:large, max-video-preview:-1\" \/>\n<link rel=\"canonical\" href=\"https:\/\/www.nbi-ngf.ch\/fr\/2021\/07\/15\/royaume-uni\/\" \/>\n<meta property=\"og:locale\" content=\"fr_FR\" \/>\n<meta property=\"og:type\" content=\"article\" \/>\n<meta property=\"og:title\" content=\"Royaume-Uni - Nationales Versicherungsb\u00fcro | Nationaler Garantiefonds\" \/>\n<meta property=\"og:description\" content=\"Le Royaume-Uni remplacera le signe distinctif \u00ab GB \u00bb par \u00ab UK \u00bb le 28 septembre 2021, ce qui n\u00e9cessitera une adaptation de la carte verte avec un d\u00e9lai de mise en \u0153uvre de deux ans.\" \/>\n<meta property=\"og:url\" content=\"https:\/\/www.nbi-ngf.ch\/fr\/2021\/07\/15\/royaume-uni\/\" \/>\n<meta property=\"og:site_name\" content=\"Nationales Versicherungsb\u00fcro | Nationaler Garantiefonds\" \/>\n<meta property=\"article:published_time\" content=\"2021-07-15T07:07:00+00:00\" \/>\n<meta property=\"article:modified_time\" content=\"2026-04-20T04:58:02+00:00\" \/>\n<meta property=\"og:image\" content=\"https:\/\/www.nbi-ngf.ch\/wp-content\/uploads\/2025\/07\/Portrait_Teaser-neu.jpeg\" \/>\n\t<meta property=\"og:image:width\" content=\"225\" \/>\n\t<meta property=\"og:image:height\" content=\"178\" \/>\n\t<meta property=\"og:image:type\" content=\"image\/jpeg\" \/>\n<meta name=\"author\" content=\"wgsuperuser\" \/>\n<meta name=\"twitter:card\" content=\"summary_large_image\" \/>\n<meta name=\"twitter:label1\" content=\"\u00c9crit par\" \/>\n\t<meta name=\"twitter:data1\" content=\"wgsuperuser\" \/>\n\t<meta name=\"twitter:label2\" content=\"Dur\u00e9e de lecture estim\u00e9e\" \/>\n\t<meta name=\"twitter:data2\" content=\"2 minutes\" \/>\n<script type=\"application\/ld+json\" class=\"yoast-schema-graph\">{\"@context\":\"https:\\\/\\\/schema.org\",\"@graph\":[{\"@type\":\"Article\",\"@id\":\"https:\\\/\\\/www.nbi-ngf.ch\\\/fr\\\/2021\\\/07\\\/15\\\/royaume-uni\\\/#article\",\"isPartOf\":{\"@id\":\"https:\\\/\\\/www.nbi-ngf.ch\\\/fr\\\/2021\\\/07\\\/15\\\/royaume-uni\\\/\"},\"author\":{\"name\":\"wgsuperuser\",\"@id\":\"https:\\\/\\\/www.nbi-ngf.ch\\\/fr\\\/#\\\/schema\\\/person\\\/2295911645eb8eda2ea5c43d4e206557\"},\"headline\":\"Royaume-Uni\",\"datePublished\":\"2021-07-15T07:07:00+00:00\",\"dateModified\":\"2026-04-20T04:58:02+00:00\",\"mainEntityOfPage\":{\"@id\":\"https:\\\/\\\/www.nbi-ngf.ch\\\/fr\\\/2021\\\/07\\\/15\\\/royaume-uni\\\/\"},\"wordCount\":332,\"publisher\":{\"@id\":\"https:\\\/\\\/www.nbi-ngf.ch\\\/fr\\\/#organization\"},\"image\":{\"@id\":\"https:\\\/\\\/www.nbi-ngf.ch\\\/fr\\\/2021\\\/07\\\/15\\\/royaume-uni\\\/#primaryimage\"},\"thumbnailUrl\":\"https:\\\/\\\/www.nbi-ngf.ch\\\/wp-content\\\/uploads\\\/2025\\\/07\\\/Portrait_Teaser-neu.jpeg\",\"articleSection\":[\"Aktuell\"],\"inLanguage\":\"fr-FR\"},{\"@type\":\"WebPage\",\"@id\":\"https:\\\/\\\/www.nbi-ngf.ch\\\/fr\\\/2021\\\/07\\\/15\\\/royaume-uni\\\/\",\"url\":\"https:\\\/\\\/www.nbi-ngf.ch\\\/fr\\\/2021\\\/07\\\/15\\\/royaume-uni\\\/\",\"name\":\"Royaume-Uni - Nationales Versicherungsb\u00fcro | Nationaler Garantiefonds\",\"isPartOf\":{\"@id\":\"https:\\\/\\\/www.nbi-ngf.ch\\\/fr\\\/#website\"},\"primaryImageOfPage\":{\"@id\":\"https:\\\/\\\/www.nbi-ngf.ch\\\/fr\\\/2021\\\/07\\\/15\\\/royaume-uni\\\/#primaryimage\"},\"image\":{\"@id\":\"https:\\\/\\\/www.nbi-ngf.ch\\\/fr\\\/2021\\\/07\\\/15\\\/royaume-uni\\\/#primaryimage\"},\"thumbnailUrl\":\"https:\\\/\\\/www.nbi-ngf.ch\\\/wp-content\\\/uploads\\\/2025\\\/07\\\/Portrait_Teaser-neu.jpeg\",\"datePublished\":\"2021-07-15T07:07:00+00:00\",\"dateModified\":\"2026-04-20T04:58:02+00:00\",\"breadcrumb\":{\"@id\":\"https:\\\/\\\/www.nbi-ngf.ch\\\/fr\\\/2021\\\/07\\\/15\\\/royaume-uni\\\/#breadcrumb\"},\"inLanguage\":\"fr-FR\",\"potentialAction\":[{\"@type\":\"ReadAction\",\"target\":[\"https:\\\/\\\/www.nbi-ngf.ch\\\/fr\\\/2021\\\/07\\\/15\\\/royaume-uni\\\/\"]}]},{\"@type\":\"ImageObject\",\"inLanguage\":\"fr-FR\",\"@id\":\"https:\\\/\\\/www.nbi-ngf.ch\\\/fr\\\/2021\\\/07\\\/15\\\/royaume-uni\\\/#primaryimage\",\"url\":\"https:\\\/\\\/www.nbi-ngf.ch\\\/wp-content\\\/uploads\\\/2025\\\/07\\\/Portrait_Teaser-neu.jpeg\",\"contentUrl\":\"https:\\\/\\\/www.nbi-ngf.ch\\\/wp-content\\\/uploads\\\/2025\\\/07\\\/Portrait_Teaser-neu.jpeg\",\"width\":225,\"height\":178},{\"@type\":\"BreadcrumbList\",\"@id\":\"https:\\\/\\\/www.nbi-ngf.ch\\\/fr\\\/2021\\\/07\\\/15\\\/royaume-uni\\\/#breadcrumb\",\"itemListElement\":[{\"@type\":\"ListItem\",\"position\":1,\"name\":\"Home\",\"item\":\"https:\\\/\\\/www.nbi-ngf.ch\\\/fr\\\/\"},{\"@type\":\"ListItem\",\"position\":2,\"name\":\"Royaume-Uni\"}]},{\"@type\":\"WebSite\",\"@id\":\"https:\\\/\\\/www.nbi-ngf.ch\\\/fr\\\/#website\",\"url\":\"https:\\\/\\\/www.nbi-ngf.ch\\\/fr\\\/\",\"name\":\"Nationales Versicherungsb\u00fcro | Nationaler Garantiefonds\",\"description\":\"Schweiz\",\"publisher\":{\"@id\":\"https:\\\/\\\/www.nbi-ngf.ch\\\/fr\\\/#organization\"},\"potentialAction\":[{\"@type\":\"SearchAction\",\"target\":{\"@type\":\"EntryPoint\",\"urlTemplate\":\"https:\\\/\\\/www.nbi-ngf.ch\\\/fr\\\/?s={search_term_string}\"},\"query-input\":{\"@type\":\"PropertyValueSpecification\",\"valueRequired\":true,\"valueName\":\"search_term_string\"}}],\"inLanguage\":\"fr-FR\"},{\"@type\":\"Organization\",\"@id\":\"https:\\\/\\\/www.nbi-ngf.ch\\\/fr\\\/#organization\",\"name\":\"Nationales Versicherungsb\u00fcro | Nationaler Garantiefonds\",\"url\":\"https:\\\/\\\/www.nbi-ngf.ch\\\/fr\\\/\",\"logo\":{\"@type\":\"ImageObject\",\"inLanguage\":\"fr-FR\",\"@id\":\"https:\\\/\\\/www.nbi-ngf.ch\\\/fr\\\/#\\\/schema\\\/logo\\\/image\\\/\",\"url\":\"https:\\\/\\\/www.nbi-ngf.ch\\\/wp-content\\\/uploads\\\/2025\\\/04\\\/Logo-Nbi-Ngf.svg\",\"contentUrl\":\"https:\\\/\\\/www.nbi-ngf.ch\\\/wp-content\\\/uploads\\\/2025\\\/04\\\/Logo-Nbi-Ngf.svg\",\"caption\":\"Nationales Versicherungsb\u00fcro | Nationaler Garantiefonds\"},\"image\":{\"@id\":\"https:\\\/\\\/www.nbi-ngf.ch\\\/fr\\\/#\\\/schema\\\/logo\\\/image\\\/\"}},{\"@type\":\"Person\",\"@id\":\"https:\\\/\\\/www.nbi-ngf.ch\\\/fr\\\/#\\\/schema\\\/person\\\/2295911645eb8eda2ea5c43d4e206557\",\"name\":\"wgsuperuser\",\"image\":{\"@type\":\"ImageObject\",\"inLanguage\":\"fr-FR\",\"@id\":\"https:\\\/\\\/secure.gravatar.com\\\/avatar\\\/613c72dbdf3aa98019efbbbb7be6cdeb166f9b8d958a22898acef8fe44488367?s=96&d=mm&r=g\",\"url\":\"https:\\\/\\\/secure.gravatar.com\\\/avatar\\\/613c72dbdf3aa98019efbbbb7be6cdeb166f9b8d958a22898acef8fe44488367?s=96&d=mm&r=g\",\"contentUrl\":\"https:\\\/\\\/secure.gravatar.com\\\/avatar\\\/613c72dbdf3aa98019efbbbb7be6cdeb166f9b8d958a22898acef8fe44488367?s=96&d=mm&r=g\",\"caption\":\"wgsuperuser\"},\"sameAs\":[\"https:\\\/\\\/www.nbi-ngf.ch\"],\"url\":\"https:\\\/\\\/www.nbi-ngf.ch\\\/fr\\\/author\\\/wgsuperuser\\\/\"}]}<\/script>\n<!-- \/ Yoast SEO plugin. -->","yoast_head_json":{"title":"Royaume-Uni - Nationales Versicherungsb\u00fcro | Nationaler Garantiefonds","robots":{"index":"index","follow":"follow","max-snippet":"max-snippet:-1","max-image-preview":"max-image-preview:large","max-video-preview":"max-video-preview:-1"},"canonical":"https:\/\/www.nbi-ngf.ch\/fr\/2021\/07\/15\/royaume-uni\/","og_locale":"fr_FR","og_type":"article","og_title":"Royaume-Uni - Nationales Versicherungsb\u00fcro | Nationaler Garantiefonds","og_description":"Le Royaume-Uni remplacera le signe distinctif \u00ab GB \u00bb par \u00ab UK \u00bb le 28 septembre 2021, ce qui n\u00e9cessitera une adaptation de la carte verte avec un d\u00e9lai de mise en \u0153uvre de deux ans.","og_url":"https:\/\/www.nbi-ngf.ch\/fr\/2021\/07\/15\/royaume-uni\/","og_site_name":"Nationales Versicherungsb\u00fcro | Nationaler Garantiefonds","article_published_time":"2021-07-15T07:07:00+00:00","article_modified_time":"2026-04-20T04:58:02+00:00","og_image":[{"width":225,"height":178,"url":"https:\/\/www.nbi-ngf.ch\/wp-content\/uploads\/2025\/07\/Portrait_Teaser-neu.jpeg","type":"image\/jpeg"}],"author":"wgsuperuser","twitter_card":"summary_large_image","twitter_misc":{"\u00c9crit par":"wgsuperuser","Dur\u00e9e de lecture estim\u00e9e":"2 minutes"},"schema":{"@context":"https:\/\/schema.org","@graph":[{"@type":"Article","@id":"https:\/\/www.nbi-ngf.ch\/fr\/2021\/07\/15\/royaume-uni\/#article","isPartOf":{"@id":"https:\/\/www.nbi-ngf.ch\/fr\/2021\/07\/15\/royaume-uni\/"},"author":{"name":"wgsuperuser","@id":"https:\/\/www.nbi-ngf.ch\/fr\/#\/schema\/person\/2295911645eb8eda2ea5c43d4e206557"},"headline":"Royaume-Uni","datePublished":"2021-07-15T07:07:00+00:00","dateModified":"2026-04-20T04:58:02+00:00","mainEntityOfPage":{"@id":"https:\/\/www.nbi-ngf.ch\/fr\/2021\/07\/15\/royaume-uni\/"},"wordCount":332,"publisher":{"@id":"https:\/\/www.nbi-ngf.ch\/fr\/#organization"},"image":{"@id":"https:\/\/www.nbi-ngf.ch\/fr\/2021\/07\/15\/royaume-uni\/#primaryimage"},"thumbnailUrl":"https:\/\/www.nbi-ngf.ch\/wp-content\/uploads\/2025\/07\/Portrait_Teaser-neu.jpeg","articleSection":["Aktuell"],"inLanguage":"fr-FR"},{"@type":"WebPage","@id":"https:\/\/www.nbi-ngf.ch\/fr\/2021\/07\/15\/royaume-uni\/","url":"https:\/\/www.nbi-ngf.ch\/fr\/2021\/07\/15\/royaume-uni\/","name":"Royaume-Uni - Nationales Versicherungsb\u00fcro | Nationaler Garantiefonds","isPartOf":{"@id":"https:\/\/www.nbi-ngf.ch\/fr\/#website"},"primaryImageOfPage":{"@id":"https:\/\/www.nbi-ngf.ch\/fr\/2021\/07\/15\/royaume-uni\/#primaryimage"},"image":{"@id":"https:\/\/www.nbi-ngf.ch\/fr\/2021\/07\/15\/royaume-uni\/#primaryimage"},"thumbnailUrl":"https:\/\/www.nbi-ngf.ch\/wp-content\/uploads\/2025\/07\/Portrait_Teaser-neu.jpeg","datePublished":"2021-07-15T07:07:00+00:00","dateModified":"2026-04-20T04:58:02+00:00","breadcrumb":{"@id":"https:\/\/www.nbi-ngf.ch\/fr\/2021\/07\/15\/royaume-uni\/#breadcrumb"},"inLanguage":"fr-FR","potentialAction":[{"@type":"ReadAction","target":["https:\/\/www.nbi-ngf.ch\/fr\/2021\/07\/15\/royaume-uni\/"]}]},{"@type":"ImageObject","inLanguage":"fr-FR","@id":"https:\/\/www.nbi-ngf.ch\/fr\/2021\/07\/15\/royaume-uni\/#primaryimage","url":"https:\/\/www.nbi-ngf.ch\/wp-content\/uploads\/2025\/07\/Portrait_Teaser-neu.jpeg","contentUrl":"https:\/\/www.nbi-ngf.ch\/wp-content\/uploads\/2025\/07\/Portrait_Teaser-neu.jpeg","width":225,"height":178},{"@type":"BreadcrumbList","@id":"https:\/\/www.nbi-ngf.ch\/fr\/2021\/07\/15\/royaume-uni\/#breadcrumb","itemListElement":[{"@type":"ListItem","position":1,"name":"Home","item":"https:\/\/www.nbi-ngf.ch\/fr\/"},{"@type":"ListItem","position":2,"name":"Royaume-Uni"}]},{"@type":"WebSite","@id":"https:\/\/www.nbi-ngf.ch\/fr\/#website","url":"https:\/\/www.nbi-ngf.ch\/fr\/","name":"Nationales Versicherungsb\u00fcro | Nationaler Garantiefonds","description":"Schweiz","publisher":{"@id":"https:\/\/www.nbi-ngf.ch\/fr\/#organization"},"potentialAction":[{"@type":"SearchAction","target":{"@type":"EntryPoint","urlTemplate":"https:\/\/www.nbi-ngf.ch\/fr\/?s={search_term_string}"},"query-input":{"@type":"PropertyValueSpecification","valueRequired":true,"valueName":"search_term_string"}}],"inLanguage":"fr-FR"},{"@type":"Organization","@id":"https:\/\/www.nbi-ngf.ch\/fr\/#organization","name":"Nationales Versicherungsb\u00fcro | Nationaler Garantiefonds","url":"https:\/\/www.nbi-ngf.ch\/fr\/","logo":{"@type":"ImageObject","inLanguage":"fr-FR","@id":"https:\/\/www.nbi-ngf.ch\/fr\/#\/schema\/logo\/image\/","url":"https:\/\/www.nbi-ngf.ch\/wp-content\/uploads\/2025\/04\/Logo-Nbi-Ngf.svg","contentUrl":"https:\/\/www.nbi-ngf.ch\/wp-content\/uploads\/2025\/04\/Logo-Nbi-Ngf.svg","caption":"Nationales Versicherungsb\u00fcro | Nationaler Garantiefonds"},"image":{"@id":"https:\/\/www.nbi-ngf.ch\/fr\/#\/schema\/logo\/image\/"}},{"@type":"Person","@id":"https:\/\/www.nbi-ngf.ch\/fr\/#\/schema\/person\/2295911645eb8eda2ea5c43d4e206557","name":"wgsuperuser","image":{"@type":"ImageObject","inLanguage":"fr-FR","@id":"https:\/\/secure.gravatar.com\/avatar\/613c72dbdf3aa98019efbbbb7be6cdeb166f9b8d958a22898acef8fe44488367?s=96&d=mm&r=g","url":"https:\/\/secure.gravatar.com\/avatar\/613c72dbdf3aa98019efbbbb7be6cdeb166f9b8d958a22898acef8fe44488367?s=96&d=mm&r=g","contentUrl":"https:\/\/secure.gravatar.com\/avatar\/613c72dbdf3aa98019efbbbb7be6cdeb166f9b8d958a22898acef8fe44488367?s=96&d=mm&r=g","caption":"wgsuperuser"},"sameAs":["https:\/\/www.nbi-ngf.ch"],"url":"https:\/\/www.nbi-ngf.ch\/fr\/author\/wgsuperuser\/"}]}},"_links":{"self":[{"href":"https:\/\/www.nbi-ngf.ch\/fr\/wp-json\/wp\/v2\/posts\/3536","targetHints":{"allow":["GET"]}}],"collection":[{"href":"https:\/\/www.nbi-ngf.ch\/fr\/wp-json\/wp\/v2\/posts"}],"about":[{"href":"https:\/\/www.nbi-ngf.ch\/fr\/wp-json\/wp\/v2\/types\/post"}],"author":[{"embeddable":true,"href":"https:\/\/www.nbi-ngf.ch\/fr\/wp-json\/wp\/v2\/users\/1"}],"replies":[{"embeddable":true,"href":"https:\/\/www.nbi-ngf.ch\/fr\/wp-json\/wp\/v2\/comments?post=3536"}],"version-history":[{"count":4,"href":"https:\/\/www.nbi-ngf.ch\/fr\/wp-json\/wp\/v2\/posts\/3536\/revisions"}],"predecessor-version":[{"id":3540,"href":"https:\/\/www.nbi-ngf.ch\/fr\/wp-json\/wp\/v2\/posts\/3536\/revisions\/3540"}],"wp:featuredmedia":[{"embeddable":true,"href":"https:\/\/www.nbi-ngf.ch\/fr\/wp-json\/wp\/v2\/media\/2595"}],"wp:attachment":[{"href":"https:\/\/www.nbi-ngf.ch\/fr\/wp-json\/wp\/v2\/media?parent=3536"}],"wp:term":[{"taxonomy":"category","embeddable":true,"href":"https:\/\/www.nbi-ngf.ch\/fr\/wp-json\/wp\/v2\/categories?post=3536"},{"taxonomy":"post_tag","embeddable":true,"href":"https:\/\/www.nbi-ngf.ch\/fr\/wp-json\/wp\/v2\/tags?post=3536"}],"curies":[{"name":"wp","href":"https:\/\/api.w.org\/{rel}","templated":true}]}}