{"id":3525,"date":"2022-12-18T11:45:00","date_gmt":"2022-12-18T10:45:00","guid":{"rendered":"https:\/\/www.nbi-ngf.ch\/?p=3525"},"modified":"2026-04-20T06:58:02","modified_gmt":"2026-04-20T04:58:02","slug":"neuer-managing-director","status":"publish","type":"post","link":"https:\/\/www.nbi-ngf.ch\/fr\/2022\/12\/18\/neuer-managing-director\/","title":{"rendered":"Nouveau Managing Director"},"content":{"rendered":"\t\t<div data-elementor-type=\"wp-post\" data-elementor-id=\"3525\" class=\"elementor elementor-3525 elementor-2189\" data-elementor-post-type=\"post\">\n\t\t\t\t<div class=\"elementor-element elementor-element-d01cd97 e-flex e-con-boxed e-con e-parent\" data-id=\"d01cd97\" data-element_type=\"container\" data-e-type=\"container\">\n\t\t\t\t\t<div class=\"e-con-inner\">\n\t\t<div class=\"elementor-element elementor-element-f1fe997 e-con-full e-flex e-con e-child\" data-id=\"f1fe997\" data-element_type=\"container\" data-e-type=\"container\">\n\t\t\t\t<div class=\"elementor-element elementor-element-4ce322f elementor-widget elementor-widget-heading\" data-id=\"4ce322f\" data-element_type=\"widget\" data-e-type=\"widget\" data-widget_type=\"heading.default\">\n\t\t\t\t<div class=\"elementor-widget-container\">\n\t\t\t\t\t<h3 class=\"elementor-heading-title elementor-size-default\">Nouveau Managing Director <\/h3>\t\t\t\t<\/div>\n\t\t\t\t<\/div>\n\t\t\t\t<div class=\"elementor-element elementor-element-06ce692 elementor-widget-divider--view-line elementor-widget elementor-widget-divider\" data-id=\"06ce692\" data-element_type=\"widget\" data-e-type=\"widget\" data-widget_type=\"divider.default\">\n\t\t\t\t<div class=\"elementor-widget-container\">\n\t\t\t\t\t\t\t<div class=\"elementor-divider\">\n\t\t\t<span class=\"elementor-divider-separator\">\n\t\t\t\t\t\t<\/span>\n\t\t<\/div>\n\t\t\t\t\t\t<\/div>\n\t\t\t\t<\/div>\n\t\t\t\t<div class=\"elementor-element elementor-element-a9d6bb4 elementor-widget elementor-widget-text-editor\" data-id=\"a9d6bb4\" data-element_type=\"widget\" data-e-type=\"widget\" data-widget_type=\"text-editor.default\">\n\t\t\t\t<div class=\"elementor-widget-container\">\n\t\t\t\t\t\t\t\t\t<p>A partir du 01.1.2023, Daniel Diez dirigera les op\u00e9rations des deux associations BNA et FNG en tant que nouveau directeur. L&rsquo;actuel directeur, Daniel Wernli, reprendra \u00e0 cette date le poste de pr\u00e9sident en succ\u00e9dant \u00e0 Thomas Lang.<\/p><p>Daniel Diez est dipl\u00f4m\u00e9 en \u00e9conomie d&rsquo;assurance HFV et titulaire d&rsquo;un CAS en Business Process Management. Il a effectu\u00e9 son apprentissage aupr\u00e8s de la B\u00e2loise et y a \u0153uvr\u00e9 jusqu&rsquo;en 2006 en tant que gestionnaire de sinistres dans les secteurs de l&rsquo;assurance automobile, de la responsabilit\u00e9 civile priv\u00e9e et entreprises et de l&rsquo;assurance choses. Il a ensuite rejoint AXA Winterthur, o\u00f9 il a \u00e9t\u00e9 actif dans le domaine des sinistres dans les branches auto, RC priv\u00e9e et entreprise et les sinistres internationaux jusqu&rsquo;en 2010. En 2011, il a repris le team des sinistres internationaux d&rsquo;AXA Suisse, qu&rsquo;il a dirig\u00e9 pendant cinq ans. Depuis 2016, Daniel Diez est Process Manager \/ Claims Specialist General Insurance dans les branches de la RC et de l&rsquo;assurance automobile et, dans ce cadre, est responsable de la gestion et de la coordination de diff\u00e9rents projets dans les domaines de l&rsquo;automatisation, de la digitalisation et de la centricit\u00e9 client.<\/p><p>Avec ses connaissances intersectorielles et sa longue exp\u00e9rience dans le domaine des sinistres, son exp\u00e9rience de management et ses connaissances approfondies en mati\u00e8re de num\u00e9risation et d&rsquo;optimisation des processus, Daniel Diez apporte toutes les comp\u00e9tences requises pour diriger avec succ\u00e8s les t\u00e2ches associatives du BNA et du FNG en collaboration avec le comit\u00e9 de direction et son team.<\/p><p>BNA &amp; FNG lui souhaitent\u00a0beaucoup de succ\u00e8s dans sa nouvelle t\u00e2che.<\/p>\t\t\t\t\t\t\t\t<\/div>\n\t\t\t\t<\/div>\n\t\t\t\t<\/div>\n\t\t<div class=\"elementor-element elementor-element-a01db52 e-con-full e-flex e-con e-child\" data-id=\"a01db52\" data-element_type=\"container\" data-e-type=\"container\">\n\t\t\t\t<\/div>\n\t\t\t\t\t<\/div>\n\t\t\t\t<\/div>\n\t\t<div class=\"elementor-element elementor-element-6d0dae6 e-flex e-con-boxed e-con e-parent\" data-id=\"6d0dae6\" data-element_type=\"container\" data-e-type=\"container\">\n\t\t\t\t\t<div class=\"e-con-inner\">\n\t\t\t\t<div class=\"elementor-element elementor-element-46e610a elementor-widget elementor-widget-spacer\" data-id=\"46e610a\" data-element_type=\"widget\" data-e-type=\"widget\" data-widget_type=\"spacer.default\">\n\t\t\t\t<div class=\"elementor-widget-container\">\n\t\t\t\t\t\t\t<div class=\"elementor-spacer\">\n\t\t\t<div class=\"elementor-spacer-inner\"><\/div>\n\t\t<\/div>\n\t\t\t\t\t\t<\/div>\n\t\t\t\t<\/div>\n\t\t\t\t\t<\/div>\n\t\t\t\t<\/div>\n\t\t\t\t<\/div>\n\t\t","protected":false},"excerpt":{"rendered":"<p>Le 1er janvier 2023, Daniel Diez reprend la direction op\u00e9rationnelle du BNA et du FNG. Daniel Wernli devient pr\u00e9sident des deux associations.<\/p>\n","protected":false},"author":1,"featured_media":2713,"comment_status":"closed","ping_status":"closed","sticky":false,"template":"","format":"standard","meta":{"_acf_changed":false,"footnotes":""},"categories":[25],"tags":[],"class_list":["post-3525","post","type-post","status-publish","format-standard","has-post-thumbnail","hentry","category-aktuell-fr"],"acf":[],"yoast_head":"<!-- This site is optimized with the Yoast SEO plugin v27.4 - https:\/\/yoast.com\/product\/yoast-seo-wordpress\/ -->\n<title>Nouveau Managing Director - Nationales Versicherungsb\u00fcro | Nationaler Garantiefonds<\/title>\n<meta name=\"robots\" content=\"index, follow, max-snippet:-1, max-image-preview:large, max-video-preview:-1\" \/>\n<link rel=\"canonical\" href=\"https:\/\/www.nbi-ngf.ch\/fr\/2022\/12\/18\/neuer-managing-director\/\" \/>\n<meta property=\"og:locale\" content=\"fr_FR\" \/>\n<meta property=\"og:type\" content=\"article\" \/>\n<meta property=\"og:title\" content=\"Nouveau Managing Director - Nationales Versicherungsb\u00fcro | Nationaler Garantiefonds\" \/>\n<meta property=\"og:description\" content=\"Le 1er janvier 2023, Daniel Diez reprend la direction op\u00e9rationnelle du BNA et du FNG. Daniel Wernli devient pr\u00e9sident des deux associations.\" \/>\n<meta property=\"og:url\" content=\"https:\/\/www.nbi-ngf.ch\/fr\/2022\/12\/18\/neuer-managing-director\/\" \/>\n<meta property=\"og:site_name\" content=\"Nationales Versicherungsb\u00fcro | Nationaler Garantiefonds\" \/>\n<meta property=\"article:published_time\" content=\"2022-12-18T10:45:00+00:00\" \/>\n<meta property=\"article:modified_time\" content=\"2026-04-20T04:58:02+00:00\" \/>\n<meta property=\"og:image\" content=\"https:\/\/www.nbi-ngf.ch\/wp-content\/uploads\/2025\/08\/Daniel-Diez_2025.jpg\" \/>\n\t<meta property=\"og:image:width\" content=\"449\" \/>\n\t<meta property=\"og:image:height\" content=\"602\" \/>\n\t<meta property=\"og:image:type\" content=\"image\/jpeg\" \/>\n<meta name=\"author\" content=\"wgsuperuser\" \/>\n<meta name=\"twitter:card\" content=\"summary_large_image\" \/>\n<meta name=\"twitter:label1\" content=\"\u00c9crit par\" \/>\n\t<meta name=\"twitter:data1\" content=\"wgsuperuser\" \/>\n\t<meta name=\"twitter:label2\" content=\"Dur\u00e9e de lecture estim\u00e9e\" \/>\n\t<meta name=\"twitter:data2\" content=\"2 minutes\" \/>\n<script type=\"application\/ld+json\" class=\"yoast-schema-graph\">{\"@context\":\"https:\\\/\\\/schema.org\",\"@graph\":[{\"@type\":\"Article\",\"@id\":\"https:\\\/\\\/www.nbi-ngf.ch\\\/fr\\\/2022\\\/12\\\/18\\\/neuer-managing-director\\\/#article\",\"isPartOf\":{\"@id\":\"https:\\\/\\\/www.nbi-ngf.ch\\\/fr\\\/2022\\\/12\\\/18\\\/neuer-managing-director\\\/\"},\"author\":{\"name\":\"wgsuperuser\",\"@id\":\"https:\\\/\\\/www.nbi-ngf.ch\\\/fr\\\/#\\\/schema\\\/person\\\/2295911645eb8eda2ea5c43d4e206557\"},\"headline\":\"Nouveau Managing Director\",\"datePublished\":\"2022-12-18T10:45:00+00:00\",\"dateModified\":\"2026-04-20T04:58:02+00:00\",\"mainEntityOfPage\":{\"@id\":\"https:\\\/\\\/www.nbi-ngf.ch\\\/fr\\\/2022\\\/12\\\/18\\\/neuer-managing-director\\\/\"},\"wordCount\":288,\"publisher\":{\"@id\":\"https:\\\/\\\/www.nbi-ngf.ch\\\/fr\\\/#organization\"},\"image\":{\"@id\":\"https:\\\/\\\/www.nbi-ngf.ch\\\/fr\\\/2022\\\/12\\\/18\\\/neuer-managing-director\\\/#primaryimage\"},\"thumbnailUrl\":\"https:\\\/\\\/www.nbi-ngf.ch\\\/wp-content\\\/uploads\\\/2025\\\/08\\\/Daniel-Diez_2025.jpg\",\"articleSection\":[\"Aktuell\"],\"inLanguage\":\"fr-FR\"},{\"@type\":\"WebPage\",\"@id\":\"https:\\\/\\\/www.nbi-ngf.ch\\\/fr\\\/2022\\\/12\\\/18\\\/neuer-managing-director\\\/\",\"url\":\"https:\\\/\\\/www.nbi-ngf.ch\\\/fr\\\/2022\\\/12\\\/18\\\/neuer-managing-director\\\/\",\"name\":\"Nouveau Managing Director - Nationales Versicherungsb\u00fcro | Nationaler Garantiefonds\",\"isPartOf\":{\"@id\":\"https:\\\/\\\/www.nbi-ngf.ch\\\/fr\\\/#website\"},\"primaryImageOfPage\":{\"@id\":\"https:\\\/\\\/www.nbi-ngf.ch\\\/fr\\\/2022\\\/12\\\/18\\\/neuer-managing-director\\\/#primaryimage\"},\"image\":{\"@id\":\"https:\\\/\\\/www.nbi-ngf.ch\\\/fr\\\/2022\\\/12\\\/18\\\/neuer-managing-director\\\/#primaryimage\"},\"thumbnailUrl\":\"https:\\\/\\\/www.nbi-ngf.ch\\\/wp-content\\\/uploads\\\/2025\\\/08\\\/Daniel-Diez_2025.jpg\",\"datePublished\":\"2022-12-18T10:45:00+00:00\",\"dateModified\":\"2026-04-20T04:58:02+00:00\",\"breadcrumb\":{\"@id\":\"https:\\\/\\\/www.nbi-ngf.ch\\\/fr\\\/2022\\\/12\\\/18\\\/neuer-managing-director\\\/#breadcrumb\"},\"inLanguage\":\"fr-FR\",\"potentialAction\":[{\"@type\":\"ReadAction\",\"target\":[\"https:\\\/\\\/www.nbi-ngf.ch\\\/fr\\\/2022\\\/12\\\/18\\\/neuer-managing-director\\\/\"]}]},{\"@type\":\"ImageObject\",\"inLanguage\":\"fr-FR\",\"@id\":\"https:\\\/\\\/www.nbi-ngf.ch\\\/fr\\\/2022\\\/12\\\/18\\\/neuer-managing-director\\\/#primaryimage\",\"url\":\"https:\\\/\\\/www.nbi-ngf.ch\\\/wp-content\\\/uploads\\\/2025\\\/08\\\/Daniel-Diez_2025.jpg\",\"contentUrl\":\"https:\\\/\\\/www.nbi-ngf.ch\\\/wp-content\\\/uploads\\\/2025\\\/08\\\/Daniel-Diez_2025.jpg\",\"width\":449,\"height\":602},{\"@type\":\"BreadcrumbList\",\"@id\":\"https:\\\/\\\/www.nbi-ngf.ch\\\/fr\\\/2022\\\/12\\\/18\\\/neuer-managing-director\\\/#breadcrumb\",\"itemListElement\":[{\"@type\":\"ListItem\",\"position\":1,\"name\":\"Home\",\"item\":\"https:\\\/\\\/www.nbi-ngf.ch\\\/fr\\\/\"},{\"@type\":\"ListItem\",\"position\":2,\"name\":\"Nouveau Managing Director\"}]},{\"@type\":\"WebSite\",\"@id\":\"https:\\\/\\\/www.nbi-ngf.ch\\\/fr\\\/#website\",\"url\":\"https:\\\/\\\/www.nbi-ngf.ch\\\/fr\\\/\",\"name\":\"Nationales Versicherungsb\u00fcro | Nationaler Garantiefonds\",\"description\":\"Schweiz\",\"publisher\":{\"@id\":\"https:\\\/\\\/www.nbi-ngf.ch\\\/fr\\\/#organization\"},\"potentialAction\":[{\"@type\":\"SearchAction\",\"target\":{\"@type\":\"EntryPoint\",\"urlTemplate\":\"https:\\\/\\\/www.nbi-ngf.ch\\\/fr\\\/?s={search_term_string}\"},\"query-input\":{\"@type\":\"PropertyValueSpecification\",\"valueRequired\":true,\"valueName\":\"search_term_string\"}}],\"inLanguage\":\"fr-FR\"},{\"@type\":\"Organization\",\"@id\":\"https:\\\/\\\/www.nbi-ngf.ch\\\/fr\\\/#organization\",\"name\":\"Nationales Versicherungsb\u00fcro | Nationaler Garantiefonds\",\"url\":\"https:\\\/\\\/www.nbi-ngf.ch\\\/fr\\\/\",\"logo\":{\"@type\":\"ImageObject\",\"inLanguage\":\"fr-FR\",\"@id\":\"https:\\\/\\\/www.nbi-ngf.ch\\\/fr\\\/#\\\/schema\\\/logo\\\/image\\\/\",\"url\":\"https:\\\/\\\/www.nbi-ngf.ch\\\/wp-content\\\/uploads\\\/2025\\\/04\\\/Logo-Nbi-Ngf.svg\",\"contentUrl\":\"https:\\\/\\\/www.nbi-ngf.ch\\\/wp-content\\\/uploads\\\/2025\\\/04\\\/Logo-Nbi-Ngf.svg\",\"caption\":\"Nationales Versicherungsb\u00fcro | Nationaler Garantiefonds\"},\"image\":{\"@id\":\"https:\\\/\\\/www.nbi-ngf.ch\\\/fr\\\/#\\\/schema\\\/logo\\\/image\\\/\"}},{\"@type\":\"Person\",\"@id\":\"https:\\\/\\\/www.nbi-ngf.ch\\\/fr\\\/#\\\/schema\\\/person\\\/2295911645eb8eda2ea5c43d4e206557\",\"name\":\"wgsuperuser\",\"image\":{\"@type\":\"ImageObject\",\"inLanguage\":\"fr-FR\",\"@id\":\"https:\\\/\\\/secure.gravatar.com\\\/avatar\\\/613c72dbdf3aa98019efbbbb7be6cdeb166f9b8d958a22898acef8fe44488367?s=96&d=mm&r=g\",\"url\":\"https:\\\/\\\/secure.gravatar.com\\\/avatar\\\/613c72dbdf3aa98019efbbbb7be6cdeb166f9b8d958a22898acef8fe44488367?s=96&d=mm&r=g\",\"contentUrl\":\"https:\\\/\\\/secure.gravatar.com\\\/avatar\\\/613c72dbdf3aa98019efbbbb7be6cdeb166f9b8d958a22898acef8fe44488367?s=96&d=mm&r=g\",\"caption\":\"wgsuperuser\"},\"sameAs\":[\"https:\\\/\\\/www.nbi-ngf.ch\"],\"url\":\"https:\\\/\\\/www.nbi-ngf.ch\\\/fr\\\/author\\\/wgsuperuser\\\/\"}]}<\/script>\n<!-- \/ Yoast SEO plugin. -->","yoast_head_json":{"title":"Nouveau Managing Director - Nationales Versicherungsb\u00fcro | Nationaler Garantiefonds","robots":{"index":"index","follow":"follow","max-snippet":"max-snippet:-1","max-image-preview":"max-image-preview:large","max-video-preview":"max-video-preview:-1"},"canonical":"https:\/\/www.nbi-ngf.ch\/fr\/2022\/12\/18\/neuer-managing-director\/","og_locale":"fr_FR","og_type":"article","og_title":"Nouveau Managing Director - Nationales Versicherungsb\u00fcro | Nationaler Garantiefonds","og_description":"Le 1er janvier 2023, Daniel Diez reprend la direction op\u00e9rationnelle du BNA et du FNG. Daniel Wernli devient pr\u00e9sident des deux associations.","og_url":"https:\/\/www.nbi-ngf.ch\/fr\/2022\/12\/18\/neuer-managing-director\/","og_site_name":"Nationales Versicherungsb\u00fcro | Nationaler Garantiefonds","article_published_time":"2022-12-18T10:45:00+00:00","article_modified_time":"2026-04-20T04:58:02+00:00","og_image":[{"width":449,"height":602,"url":"https:\/\/www.nbi-ngf.ch\/wp-content\/uploads\/2025\/08\/Daniel-Diez_2025.jpg","type":"image\/jpeg"}],"author":"wgsuperuser","twitter_card":"summary_large_image","twitter_misc":{"\u00c9crit par":"wgsuperuser","Dur\u00e9e de lecture estim\u00e9e":"2 minutes"},"schema":{"@context":"https:\/\/schema.org","@graph":[{"@type":"Article","@id":"https:\/\/www.nbi-ngf.ch\/fr\/2022\/12\/18\/neuer-managing-director\/#article","isPartOf":{"@id":"https:\/\/www.nbi-ngf.ch\/fr\/2022\/12\/18\/neuer-managing-director\/"},"author":{"name":"wgsuperuser","@id":"https:\/\/www.nbi-ngf.ch\/fr\/#\/schema\/person\/2295911645eb8eda2ea5c43d4e206557"},"headline":"Nouveau Managing Director","datePublished":"2022-12-18T10:45:00+00:00","dateModified":"2026-04-20T04:58:02+00:00","mainEntityOfPage":{"@id":"https:\/\/www.nbi-ngf.ch\/fr\/2022\/12\/18\/neuer-managing-director\/"},"wordCount":288,"publisher":{"@id":"https:\/\/www.nbi-ngf.ch\/fr\/#organization"},"image":{"@id":"https:\/\/www.nbi-ngf.ch\/fr\/2022\/12\/18\/neuer-managing-director\/#primaryimage"},"thumbnailUrl":"https:\/\/www.nbi-ngf.ch\/wp-content\/uploads\/2025\/08\/Daniel-Diez_2025.jpg","articleSection":["Aktuell"],"inLanguage":"fr-FR"},{"@type":"WebPage","@id":"https:\/\/www.nbi-ngf.ch\/fr\/2022\/12\/18\/neuer-managing-director\/","url":"https:\/\/www.nbi-ngf.ch\/fr\/2022\/12\/18\/neuer-managing-director\/","name":"Nouveau Managing Director - Nationales Versicherungsb\u00fcro | Nationaler Garantiefonds","isPartOf":{"@id":"https:\/\/www.nbi-ngf.ch\/fr\/#website"},"primaryImageOfPage":{"@id":"https:\/\/www.nbi-ngf.ch\/fr\/2022\/12\/18\/neuer-managing-director\/#primaryimage"},"image":{"@id":"https:\/\/www.nbi-ngf.ch\/fr\/2022\/12\/18\/neuer-managing-director\/#primaryimage"},"thumbnailUrl":"https:\/\/www.nbi-ngf.ch\/wp-content\/uploads\/2025\/08\/Daniel-Diez_2025.jpg","datePublished":"2022-12-18T10:45:00+00:00","dateModified":"2026-04-20T04:58:02+00:00","breadcrumb":{"@id":"https:\/\/www.nbi-ngf.ch\/fr\/2022\/12\/18\/neuer-managing-director\/#breadcrumb"},"inLanguage":"fr-FR","potentialAction":[{"@type":"ReadAction","target":["https:\/\/www.nbi-ngf.ch\/fr\/2022\/12\/18\/neuer-managing-director\/"]}]},{"@type":"ImageObject","inLanguage":"fr-FR","@id":"https:\/\/www.nbi-ngf.ch\/fr\/2022\/12\/18\/neuer-managing-director\/#primaryimage","url":"https:\/\/www.nbi-ngf.ch\/wp-content\/uploads\/2025\/08\/Daniel-Diez_2025.jpg","contentUrl":"https:\/\/www.nbi-ngf.ch\/wp-content\/uploads\/2025\/08\/Daniel-Diez_2025.jpg","width":449,"height":602},{"@type":"BreadcrumbList","@id":"https:\/\/www.nbi-ngf.ch\/fr\/2022\/12\/18\/neuer-managing-director\/#breadcrumb","itemListElement":[{"@type":"ListItem","position":1,"name":"Home","item":"https:\/\/www.nbi-ngf.ch\/fr\/"},{"@type":"ListItem","position":2,"name":"Nouveau Managing Director"}]},{"@type":"WebSite","@id":"https:\/\/www.nbi-ngf.ch\/fr\/#website","url":"https:\/\/www.nbi-ngf.ch\/fr\/","name":"Nationales Versicherungsb\u00fcro | Nationaler Garantiefonds","description":"Schweiz","publisher":{"@id":"https:\/\/www.nbi-ngf.ch\/fr\/#organization"},"potentialAction":[{"@type":"SearchAction","target":{"@type":"EntryPoint","urlTemplate":"https:\/\/www.nbi-ngf.ch\/fr\/?s={search_term_string}"},"query-input":{"@type":"PropertyValueSpecification","valueRequired":true,"valueName":"search_term_string"}}],"inLanguage":"fr-FR"},{"@type":"Organization","@id":"https:\/\/www.nbi-ngf.ch\/fr\/#organization","name":"Nationales Versicherungsb\u00fcro | Nationaler Garantiefonds","url":"https:\/\/www.nbi-ngf.ch\/fr\/","logo":{"@type":"ImageObject","inLanguage":"fr-FR","@id":"https:\/\/www.nbi-ngf.ch\/fr\/#\/schema\/logo\/image\/","url":"https:\/\/www.nbi-ngf.ch\/wp-content\/uploads\/2025\/04\/Logo-Nbi-Ngf.svg","contentUrl":"https:\/\/www.nbi-ngf.ch\/wp-content\/uploads\/2025\/04\/Logo-Nbi-Ngf.svg","caption":"Nationales Versicherungsb\u00fcro | Nationaler Garantiefonds"},"image":{"@id":"https:\/\/www.nbi-ngf.ch\/fr\/#\/schema\/logo\/image\/"}},{"@type":"Person","@id":"https:\/\/www.nbi-ngf.ch\/fr\/#\/schema\/person\/2295911645eb8eda2ea5c43d4e206557","name":"wgsuperuser","image":{"@type":"ImageObject","inLanguage":"fr-FR","@id":"https:\/\/secure.gravatar.com\/avatar\/613c72dbdf3aa98019efbbbb7be6cdeb166f9b8d958a22898acef8fe44488367?s=96&d=mm&r=g","url":"https:\/\/secure.gravatar.com\/avatar\/613c72dbdf3aa98019efbbbb7be6cdeb166f9b8d958a22898acef8fe44488367?s=96&d=mm&r=g","contentUrl":"https:\/\/secure.gravatar.com\/avatar\/613c72dbdf3aa98019efbbbb7be6cdeb166f9b8d958a22898acef8fe44488367?s=96&d=mm&r=g","caption":"wgsuperuser"},"sameAs":["https:\/\/www.nbi-ngf.ch"],"url":"https:\/\/www.nbi-ngf.ch\/fr\/author\/wgsuperuser\/"}]}},"_links":{"self":[{"href":"https:\/\/www.nbi-ngf.ch\/fr\/wp-json\/wp\/v2\/posts\/3525","targetHints":{"allow":["GET"]}}],"collection":[{"href":"https:\/\/www.nbi-ngf.ch\/fr\/wp-json\/wp\/v2\/posts"}],"about":[{"href":"https:\/\/www.nbi-ngf.ch\/fr\/wp-json\/wp\/v2\/types\/post"}],"author":[{"embeddable":true,"href":"https:\/\/www.nbi-ngf.ch\/fr\/wp-json\/wp\/v2\/users\/1"}],"replies":[{"embeddable":true,"href":"https:\/\/www.nbi-ngf.ch\/fr\/wp-json\/wp\/v2\/comments?post=3525"}],"version-history":[{"count":6,"href":"https:\/\/www.nbi-ngf.ch\/fr\/wp-json\/wp\/v2\/posts\/3525\/revisions"}],"predecessor-version":[{"id":8139,"href":"https:\/\/www.nbi-ngf.ch\/fr\/wp-json\/wp\/v2\/posts\/3525\/revisions\/8139"}],"wp:featuredmedia":[{"embeddable":true,"href":"https:\/\/www.nbi-ngf.ch\/fr\/wp-json\/wp\/v2\/media\/2713"}],"wp:attachment":[{"href":"https:\/\/www.nbi-ngf.ch\/fr\/wp-json\/wp\/v2\/media?parent=3525"}],"wp:term":[{"taxonomy":"category","embeddable":true,"href":"https:\/\/www.nbi-ngf.ch\/fr\/wp-json\/wp\/v2\/categories?post=3525"},{"taxonomy":"post_tag","embeddable":true,"href":"https:\/\/www.nbi-ngf.ch\/fr\/wp-json\/wp\/v2\/tags?post=3525"}],"curies":[{"name":"wp","href":"https:\/\/api.w.org\/{rel}","templated":true}]}}