{"id":3506,"date":"2024-01-01T09:58:00","date_gmt":"2024-01-01T08:58:00","guid":{"rendered":"https:\/\/www.nbi-ngf.ch\/?p=3506"},"modified":"2026-04-20T06:58:02","modified_gmt":"2026-04-20T04:58:02","slug":"3506","status":"publish","type":"post","link":"https:\/\/www.nbi-ngf.ch\/fr\/2024\/01\/01\/3506\/","title":{"rendered":"Modification de la loi"},"content":{"rendered":"\t\t<div data-elementor-type=\"wp-post\" data-elementor-id=\"3506\" class=\"elementor elementor-3506 elementor-2146\" data-elementor-post-type=\"post\">\n\t\t\t\t<div class=\"elementor-element elementor-element-d01cd97 e-flex e-con-boxed e-con e-parent\" data-id=\"d01cd97\" data-element_type=\"container\" data-e-type=\"container\">\n\t\t\t\t\t<div class=\"e-con-inner\">\n\t\t<div class=\"elementor-element elementor-element-f1fe997 e-con-full e-flex e-con e-child\" data-id=\"f1fe997\" data-element_type=\"container\" data-e-type=\"container\">\n\t\t\t\t<div class=\"elementor-element elementor-element-4ce322f elementor-widget elementor-widget-heading\" data-id=\"4ce322f\" data-element_type=\"widget\" data-e-type=\"widget\" data-widget_type=\"heading.default\">\n\t\t\t\t<div class=\"elementor-widget-container\">\n\t\t\t\t\t<h3 class=\"elementor-heading-title elementor-size-default\">Modification de la loi<\/h3>\t\t\t\t<\/div>\n\t\t\t\t<\/div>\n\t\t\t\t<div class=\"elementor-element elementor-element-06ce692 elementor-widget-divider--view-line elementor-widget elementor-widget-divider\" data-id=\"06ce692\" data-element_type=\"widget\" data-e-type=\"widget\" data-widget_type=\"divider.default\">\n\t\t\t\t<div class=\"elementor-widget-container\">\n\t\t\t\t\t\t\t<div class=\"elementor-divider\">\n\t\t\t<span class=\"elementor-divider-separator\">\n\t\t\t\t\t\t<\/span>\n\t\t<\/div>\n\t\t\t\t\t\t<\/div>\n\t\t\t\t<\/div>\n\t\t\t\t<div class=\"elementor-element elementor-element-a9d6bb4 elementor-widget elementor-widget-text-editor\" data-id=\"a9d6bb4\" data-element_type=\"widget\" data-e-type=\"widget\" data-widget_type=\"text-editor.default\">\n\t\t\t\t<div class=\"elementor-widget-container\">\n\t\t\t\t\t\t\t\t\t<p>Diverses modifications de la Loi sur la circulation routi\u00e8re (LCR) et de l&rsquo;Ordonnance sur l&rsquo;assurance des v\u00e9hicules (OAV) concernant le Fonds national suisse de garantie (FNG) sont entr\u00e9es en vigueur le 1er janvier 2024.<\/p>\t\t\t\t\t\t\t\t<\/div>\n\t\t\t\t<\/div>\n\t\t\t\t<div class=\"elementor-element elementor-element-13838d7 subtitle elementor-widget elementor-widget-heading\" data-id=\"13838d7\" data-element_type=\"widget\" data-e-type=\"widget\" data-widget_type=\"heading.default\">\n\t\t\t\t<div class=\"elementor-widget-container\">\n\t\t\t\t\t<h3 class=\"elementor-heading-title elementor-size-default\">Cas d'assainissement d'un assureur responsabilit\u00e9 civile automobile<\/h3>\t\t\t\t<\/div>\n\t\t\t\t<\/div>\n\t\t\t\t<div class=\"elementor-element elementor-element-8b72610 elementor-widget elementor-widget-text-editor\" data-id=\"8b72610\" data-element_type=\"widget\" data-e-type=\"widget\" data-widget_type=\"text-editor.default\">\n\t\t\t\t<div class=\"elementor-widget-container\">\n\t\t\t\t\t\t\t\t\t<p>La loi sur la surveillance des assurances (LSA) pr\u00e9voit depuis le 1.1.2024 un droit d&rsquo;assainissement des assurances. Le but est de ne pas liquider directement les entreprises d&rsquo;assurance en difficult\u00e9, mais de tenter auparavant de les assainir par diff\u00e9rents moyens. Pour les assureurs responsabilit\u00e9 civile v\u00e9hicules \u00e0 moteur (RCVM) n\u00e9cessitant un tel assainissement, ce nouveau droit donne un r\u00f4le au FNG.<\/p><p>Le FNG est tenu de servir des prestations dans le cadre d\u2019une proc\u00e9dure d&rsquo;assainissement d&rsquo;un assureur RCVM, lorsque la FINMA pr\u00e9voit une r\u00e9duction des prestations. Le FNG prend en charge la diff\u00e9rence entre le total des paiements de sinistres dus par l&rsquo;assureur comp\u00e9tent et les prestations dues apr\u00e8s la r\u00e9duction (art. 76 al. 4 let. b LCR en relation avec l&rsquo;art. 54a OAV).<\/p>\t\t\t\t\t\t\t\t<\/div>\n\t\t\t\t<\/div>\n\t\t\t\t<div class=\"elementor-element elementor-element-d79046b subtitle elementor-widget elementor-widget-heading\" data-id=\"d79046b\" data-element_type=\"widget\" data-e-type=\"widget\" data-widget_type=\"heading.default\">\n\t\t\t\t<div class=\"elementor-widget-container\">\n\t\t\t\t\t<h3 class=\"elementor-heading-title elementor-size-default\">Couverture de la faillite assurantielle: r\u00e8glement par l'administrateur de la faillite<\/h3>\t\t\t\t<\/div>\n\t\t\t\t<\/div>\n\t\t\t\t<div class=\"elementor-element elementor-element-1cb6c7b elementor-widget elementor-widget-text-editor\" data-id=\"1cb6c7b\" data-element_type=\"widget\" data-e-type=\"widget\" data-widget_type=\"text-editor.default\">\n\t\t\t\t<div class=\"elementor-widget-container\">\n\t\t\t\t\t\t\t\t\t<p>D&rsquo;autres nouveaut\u00e9s concernent la couverture assur\u00e9e par le FNG en cas de faillite d\u2019un assureur RCVM. D\u00e9sormais, le FNG n&rsquo;est plus responsable directement du r\u00e8glement des sinistres de l&rsquo;assureur RCVM en faillite. Il paie aux ayants droit, contre remise de l&rsquo;acte de d\u00e9faut de biens, la part des pr\u00e9tentions pour laquelle l&rsquo;administration de la faillite a d\u00e9livr\u00e9 un acte de d\u00e9faut de biens (art. 76 al. 4 let. a LCR).<\/p><p>Afin que les personnes l\u00e9s\u00e9es ne soient pas oblig\u00e9es d&rsquo;attendre la cl\u00f4ture de la proc\u00e9dure de faillite pour obtenir des prestations li\u00e9es au sinistre subi, la nouvelle r\u00e9glementation pr\u00e9voit une proc\u00e9dure de r\u00e8glement anticip\u00e9 (art. 54b al. 2 OAV). Ce r\u00e8glement anticip\u00e9 intervient \u00e0 la demande de la personne l\u00e9s\u00e9e. Le FNG paie le montant encore d\u00fb si:<\/p><ul><li>la personne l\u00e9s\u00e9e re\u00e7oit des prestations de la masse en faillite avant l&rsquo;entr\u00e9e en vigueur du plan de collocation, sur la base de l&rsquo;art. 54a bis al. 2 LSA, et que<\/li><li>elle a \u00e9t\u00e9 inform\u00e9e par l&rsquo;administration de la faillite du montant avec lequel sa pr\u00e9tention doit \u00eatre inscrite dans le plan de collocation.<\/li><\/ul><p>La personne l\u00e9s\u00e9e doit donner son accord \u00e9crit au r\u00e8glement de son dommage sur la base du montant communiqu\u00e9 par l&rsquo;administration de la faillite.<\/p>\t\t\t\t\t\t\t\t<\/div>\n\t\t\t\t<\/div>\n\t\t\t\t<div class=\"elementor-element elementor-element-b11bf65 subtitle elementor-widget elementor-widget-heading\" data-id=\"b11bf65\" data-element_type=\"widget\" data-e-type=\"widget\" data-widget_type=\"heading.default\">\n\t\t\t\t<div class=\"elementor-widget-container\">\n\t\t\t\t\t<h3 class=\"elementor-heading-title elementor-size-default\">Plafond pour la couverture de l'assainissement et de la faillite<\/h3>\t\t\t\t<\/div>\n\t\t\t\t<\/div>\n\t\t\t\t<div class=\"elementor-element elementor-element-6502221 elementor-widget elementor-widget-text-editor\" data-id=\"6502221\" data-element_type=\"widget\" data-e-type=\"widget\" data-widget_type=\"text-editor.default\">\n\t\t\t\t<div class=\"elementor-widget-container\">\n\t\t\t\t\t\t\t\t\t<p>Depuis le 1.1.2024, la couverture assur\u00e9e par le FNG dans les cas de faillite est plafonn\u00e9e \u00e0 un montant qui doit \u00eatre fix\u00e9 par le Conseil f\u00e9d\u00e9ral. Cette limite s&rsquo;applique \u00e9galement aux prestations du FNG en cas d&rsquo;assainissement (art. 76 al. 5 let. b LCR).<\/p><p>L&rsquo;art. 54b al. 1 OAV pr\u00e9voit d\u00e9sormais que le FNG doit couvrir les cas d&rsquo;assainissement et de faillite jusqu&rsquo;\u00e0 un montant de CHF 700 millions. Ces fonds doivent figurer \u00e0 l&rsquo;actif du bilan du FNG. Si la somme n&rsquo;est pas encore disponible, elle doit \u00eatre aliment\u00e9e dans un d\u00e9lai raisonnable, conform\u00e9ment \u00e0 l&rsquo;art. 54b al. 7 OAV. Les fonds sont pr\u00e9lev\u00e9s par les assureurs RCVM aupr\u00e8s des d\u00e9tenteurs de v\u00e9hicules \u00e0 moteur (art. 76a al. 1 LCR). Les contributions correspondantes servent \u00e0 alimenter les fonds n\u00e9cessaires \u00e0 la couverture de l&rsquo;assainissement et de la faillite ainsi que les autres t\u00e2ches du FNG. Si la couverture est sollicit\u00e9e avant que les ressources ne soient disponibles dans la mesure n\u00e9cessaire, celles-ci sont per\u00e7ues ult\u00e9rieurement par des contributions aupr\u00e8s des d\u00e9tenteurs de v\u00e9hicules \u00e0 moteur.<\/p><p>Les paiements \u00e0 effectuer par le FNG apr\u00e8s l&rsquo;ouverture d&rsquo;une proc\u00e9dure d&rsquo;assainissement ou de faillite sont imput\u00e9s sur le plafond de 700 millions de CHF pendant 5 ans \u00e0 compter de l&rsquo;ouverture de la proc\u00e9dure. Si plus d&rsquo;une proc\u00e9dure est ouverte dans ce d\u00e9lai, l&rsquo;\u00e9tendue des prestations du FNG est d\u00e9termin\u00e9 par la date d&rsquo;ouverture de la proc\u00e9dure d&rsquo;assainissement ou de faillite pour tous les paiements effectu\u00e9s dans le cadre de la proc\u00e9dure concern\u00e9e. Lorsque le plafond est d\u00e9pass\u00e9, les prestations dues par le FNG dans le cadre d&rsquo;une proc\u00e9dure d&rsquo;assainissement ou de faillite sont r\u00e9duites pour tous les ayants droit selon des proportions \u00e9gales, de telle sorte qu&rsquo;elles ne d\u00e9passent pas CHF 700 millions au total.<\/p>\t\t\t\t\t\t\t\t<\/div>\n\t\t\t\t<\/div>\n\t\t\t\t<div class=\"elementor-element elementor-element-6f7c38e subtitle elementor-widget elementor-widget-heading\" data-id=\"6f7c38e\" data-element_type=\"widget\" data-e-type=\"widget\" data-widget_type=\"heading.default\">\n\t\t\t\t<div class=\"elementor-widget-container\">\n\t\t\t\t\t<h3 class=\"elementor-heading-title elementor-size-default\">Recours du FNG contre les responsables<\/h3>\t\t\t\t<\/div>\n\t\t\t\t<\/div>\n\t\t\t\t<div class=\"elementor-element elementor-element-e625bc1 elementor-widget elementor-widget-text-editor\" data-id=\"e625bc1\" data-element_type=\"widget\" data-e-type=\"widget\" data-widget_type=\"text-editor.default\">\n\t\t\t\t<div class=\"elementor-widget-container\">\n\t\t\t\t\t\t\t\t\t<p>L&rsquo;ancien droit pr\u00e9voyait d\u00e9j\u00e0 la subrogation du FNG dans les droits de la personne l\u00e9s\u00e9e pour les postes de dommage de m\u00eame nature qu&rsquo;il couvrait, et ce d\u00e8s le versement de l\u2019indemnit\u00e9 due. Ce droit ne faisait toutefois aucune distinction entre les situations dans lesquelles le responsable n&rsquo;\u00e9tait pas ou insuffisamment assur\u00e9 et celles dans lesquelles une proc\u00e9dure de faillite \u00e9tait ouverte \u00e0 l&rsquo;encontre de l&rsquo;assureur RCVM tenu de fournir des prestations. Ainsi, en cas de faillite, le FNG aurait en principe pu exercer un droit de recours contre les d\u00e9tenteurs de v\u00e9hicules \u00e0 moteur. Cette cons\u00e9quence n&rsquo;apparaissant ni \u00e9quitable ni souhait\u00e9e par le l\u00e9gislateur, le FNG dispose depuis le 1er janvier 2024 d&rsquo;un droit de recours dans les cas d&rsquo;assainissement et de faillite uniquement si le dommage a \u00e9t\u00e9 caus\u00e9 par une n\u00e9gligence grave ou intentionnellement (art. 76 al. 8 LCR).<\/p>\t\t\t\t\t\t\t\t<\/div>\n\t\t\t\t<\/div>\n\t\t\t\t<\/div>\n\t\t<div class=\"elementor-element elementor-element-a01db52 e-con-full e-flex e-con e-child\" data-id=\"a01db52\" data-element_type=\"container\" data-e-type=\"container\">\n\t\t\t\t<\/div>\n\t\t\t\t\t<\/div>\n\t\t\t\t<\/div>\n\t\t<div class=\"elementor-element elementor-element-6d0dae6 e-flex e-con-boxed e-con e-parent\" data-id=\"6d0dae6\" data-element_type=\"container\" data-e-type=\"container\">\n\t\t\t\t\t<div class=\"e-con-inner\">\n\t\t\t\t<div class=\"elementor-element elementor-element-46e610a elementor-widget elementor-widget-spacer\" data-id=\"46e610a\" data-element_type=\"widget\" data-e-type=\"widget\" data-widget_type=\"spacer.default\">\n\t\t\t\t<div class=\"elementor-widget-container\">\n\t\t\t\t\t\t\t<div class=\"elementor-spacer\">\n\t\t\t<div class=\"elementor-spacer-inner\"><\/div>\n\t\t<\/div>\n\t\t\t\t\t\t<\/div>\n\t\t\t\t<\/div>\n\t\t\t\t\t<\/div>\n\t\t\t\t<\/div>\n\t\t\t\t<\/div>\n\t\t","protected":false},"excerpt":{"rendered":"<p>Le 1er janvier 2024, plusieurs modifications de la loi sur la circulation routi\u00e8re (LCR) et de l&rsquo;ordonnance sur l&rsquo;assurance des v\u00e9hicules (OAV) sont entr\u00e9es en vigueur et concernent le Fonds National Suisse de Garantie (FNG).<\/p>\n","protected":false},"author":1,"featured_media":2295,"comment_status":"closed","ping_status":"closed","sticky":false,"template":"","format":"standard","meta":{"_acf_changed":false,"footnotes":""},"categories":[25],"tags":[],"class_list":["post-3506","post","type-post","status-publish","format-standard","has-post-thumbnail","hentry","category-aktuell-fr"],"acf":[],"yoast_head":"<!-- This site is optimized with the Yoast SEO plugin v27.4 - https:\/\/yoast.com\/product\/yoast-seo-wordpress\/ -->\n<title>Modification de la loi - Nationales Versicherungsb\u00fcro | Nationaler Garantiefonds<\/title>\n<meta name=\"robots\" content=\"index, follow, max-snippet:-1, max-image-preview:large, max-video-preview:-1\" \/>\n<link rel=\"canonical\" href=\"https:\/\/www.nbi-ngf.ch\/fr\/2024\/01\/01\/3506\/\" \/>\n<meta property=\"og:locale\" content=\"fr_FR\" \/>\n<meta property=\"og:type\" content=\"article\" \/>\n<meta property=\"og:title\" content=\"Modification de la loi - Nationales Versicherungsb\u00fcro | Nationaler Garantiefonds\" \/>\n<meta property=\"og:description\" content=\"Le 1er janvier 2024, plusieurs modifications de la loi sur la circulation routi\u00e8re (LCR) et de l&#039;ordonnance sur l&#039;assurance des v\u00e9hicules (OAV) sont entr\u00e9es en vigueur et concernent le Fonds National Suisse de Garantie (FNG).\" \/>\n<meta property=\"og:url\" content=\"https:\/\/www.nbi-ngf.ch\/fr\/2024\/01\/01\/3506\/\" \/>\n<meta property=\"og:site_name\" content=\"Nationales Versicherungsb\u00fcro | Nationaler Garantiefonds\" \/>\n<meta property=\"article:published_time\" content=\"2024-01-01T08:58:00+00:00\" \/>\n<meta property=\"article:modified_time\" content=\"2026-04-20T04:58:02+00:00\" \/>\n<meta property=\"og:image\" content=\"https:\/\/www.nbi-ngf.ch\/wp-content\/uploads\/2025\/04\/linz.productions_drone_photo_of_a_single_red_car_on_the_right_l_fd19507b-cae9-48f1-98d9-f03c3bbce10a-1024x512.png\" \/>\n\t<meta property=\"og:image:width\" content=\"1024\" \/>\n\t<meta property=\"og:image:height\" content=\"512\" \/>\n\t<meta property=\"og:image:type\" content=\"image\/png\" \/>\n<meta name=\"author\" content=\"wgsuperuser\" \/>\n<meta name=\"twitter:card\" content=\"summary_large_image\" \/>\n<meta name=\"twitter:label1\" content=\"\u00c9crit par\" \/>\n\t<meta name=\"twitter:data1\" content=\"wgsuperuser\" \/>\n\t<meta name=\"twitter:label2\" content=\"Dur\u00e9e de lecture estim\u00e9e\" \/>\n\t<meta name=\"twitter:data2\" content=\"5 minutes\" \/>\n<script type=\"application\/ld+json\" class=\"yoast-schema-graph\">{\"@context\":\"https:\\\/\\\/schema.org\",\"@graph\":[{\"@type\":\"Article\",\"@id\":\"https:\\\/\\\/www.nbi-ngf.ch\\\/fr\\\/2024\\\/01\\\/01\\\/3506\\\/#article\",\"isPartOf\":{\"@id\":\"https:\\\/\\\/www.nbi-ngf.ch\\\/fr\\\/2024\\\/01\\\/01\\\/3506\\\/\"},\"author\":{\"name\":\"wgsuperuser\",\"@id\":\"https:\\\/\\\/www.nbi-ngf.ch\\\/fr\\\/#\\\/schema\\\/person\\\/2295911645eb8eda2ea5c43d4e206557\"},\"headline\":\"Modification de la loi\",\"datePublished\":\"2024-01-01T08:58:00+00:00\",\"dateModified\":\"2026-04-20T04:58:02+00:00\",\"mainEntityOfPage\":{\"@id\":\"https:\\\/\\\/www.nbi-ngf.ch\\\/fr\\\/2024\\\/01\\\/01\\\/3506\\\/\"},\"wordCount\":957,\"publisher\":{\"@id\":\"https:\\\/\\\/www.nbi-ngf.ch\\\/fr\\\/#organization\"},\"image\":{\"@id\":\"https:\\\/\\\/www.nbi-ngf.ch\\\/fr\\\/2024\\\/01\\\/01\\\/3506\\\/#primaryimage\"},\"thumbnailUrl\":\"https:\\\/\\\/www.nbi-ngf.ch\\\/wp-content\\\/uploads\\\/2025\\\/04\\\/linz.productions_drone_photo_of_a_single_red_car_on_the_right_l_fd19507b-cae9-48f1-98d9-f03c3bbce10a_n.jpg\",\"articleSection\":[\"Aktuell\"],\"inLanguage\":\"fr-FR\"},{\"@type\":\"WebPage\",\"@id\":\"https:\\\/\\\/www.nbi-ngf.ch\\\/fr\\\/2024\\\/01\\\/01\\\/3506\\\/\",\"url\":\"https:\\\/\\\/www.nbi-ngf.ch\\\/fr\\\/2024\\\/01\\\/01\\\/3506\\\/\",\"name\":\"Modification de la loi - Nationales Versicherungsb\u00fcro | Nationaler Garantiefonds\",\"isPartOf\":{\"@id\":\"https:\\\/\\\/www.nbi-ngf.ch\\\/fr\\\/#website\"},\"primaryImageOfPage\":{\"@id\":\"https:\\\/\\\/www.nbi-ngf.ch\\\/fr\\\/2024\\\/01\\\/01\\\/3506\\\/#primaryimage\"},\"image\":{\"@id\":\"https:\\\/\\\/www.nbi-ngf.ch\\\/fr\\\/2024\\\/01\\\/01\\\/3506\\\/#primaryimage\"},\"thumbnailUrl\":\"https:\\\/\\\/www.nbi-ngf.ch\\\/wp-content\\\/uploads\\\/2025\\\/04\\\/linz.productions_drone_photo_of_a_single_red_car_on_the_right_l_fd19507b-cae9-48f1-98d9-f03c3bbce10a_n.jpg\",\"datePublished\":\"2024-01-01T08:58:00+00:00\",\"dateModified\":\"2026-04-20T04:58:02+00:00\",\"breadcrumb\":{\"@id\":\"https:\\\/\\\/www.nbi-ngf.ch\\\/fr\\\/2024\\\/01\\\/01\\\/3506\\\/#breadcrumb\"},\"inLanguage\":\"fr-FR\",\"potentialAction\":[{\"@type\":\"ReadAction\",\"target\":[\"https:\\\/\\\/www.nbi-ngf.ch\\\/fr\\\/2024\\\/01\\\/01\\\/3506\\\/\"]}]},{\"@type\":\"ImageObject\",\"inLanguage\":\"fr-FR\",\"@id\":\"https:\\\/\\\/www.nbi-ngf.ch\\\/fr\\\/2024\\\/01\\\/01\\\/3506\\\/#primaryimage\",\"url\":\"https:\\\/\\\/www.nbi-ngf.ch\\\/wp-content\\\/uploads\\\/2025\\\/04\\\/linz.productions_drone_photo_of_a_single_red_car_on_the_right_l_fd19507b-cae9-48f1-98d9-f03c3bbce10a_n.jpg\",\"contentUrl\":\"https:\\\/\\\/www.nbi-ngf.ch\\\/wp-content\\\/uploads\\\/2025\\\/04\\\/linz.productions_drone_photo_of_a_single_red_car_on_the_right_l_fd19507b-cae9-48f1-98d9-f03c3bbce10a_n.jpg\",\"width\":1536,\"height\":768},{\"@type\":\"BreadcrumbList\",\"@id\":\"https:\\\/\\\/www.nbi-ngf.ch\\\/fr\\\/2024\\\/01\\\/01\\\/3506\\\/#breadcrumb\",\"itemListElement\":[{\"@type\":\"ListItem\",\"position\":1,\"name\":\"Home\",\"item\":\"https:\\\/\\\/www.nbi-ngf.ch\\\/fr\\\/\"},{\"@type\":\"ListItem\",\"position\":2,\"name\":\"Modification de la loi\"}]},{\"@type\":\"WebSite\",\"@id\":\"https:\\\/\\\/www.nbi-ngf.ch\\\/fr\\\/#website\",\"url\":\"https:\\\/\\\/www.nbi-ngf.ch\\\/fr\\\/\",\"name\":\"Nationales Versicherungsb\u00fcro | Nationaler Garantiefonds\",\"description\":\"Schweiz\",\"publisher\":{\"@id\":\"https:\\\/\\\/www.nbi-ngf.ch\\\/fr\\\/#organization\"},\"potentialAction\":[{\"@type\":\"SearchAction\",\"target\":{\"@type\":\"EntryPoint\",\"urlTemplate\":\"https:\\\/\\\/www.nbi-ngf.ch\\\/fr\\\/?s={search_term_string}\"},\"query-input\":{\"@type\":\"PropertyValueSpecification\",\"valueRequired\":true,\"valueName\":\"search_term_string\"}}],\"inLanguage\":\"fr-FR\"},{\"@type\":\"Organization\",\"@id\":\"https:\\\/\\\/www.nbi-ngf.ch\\\/fr\\\/#organization\",\"name\":\"Nationales Versicherungsb\u00fcro | Nationaler Garantiefonds\",\"url\":\"https:\\\/\\\/www.nbi-ngf.ch\\\/fr\\\/\",\"logo\":{\"@type\":\"ImageObject\",\"inLanguage\":\"fr-FR\",\"@id\":\"https:\\\/\\\/www.nbi-ngf.ch\\\/fr\\\/#\\\/schema\\\/logo\\\/image\\\/\",\"url\":\"https:\\\/\\\/www.nbi-ngf.ch\\\/wp-content\\\/uploads\\\/2025\\\/04\\\/Logo-Nbi-Ngf.svg\",\"contentUrl\":\"https:\\\/\\\/www.nbi-ngf.ch\\\/wp-content\\\/uploads\\\/2025\\\/04\\\/Logo-Nbi-Ngf.svg\",\"caption\":\"Nationales Versicherungsb\u00fcro | Nationaler Garantiefonds\"},\"image\":{\"@id\":\"https:\\\/\\\/www.nbi-ngf.ch\\\/fr\\\/#\\\/schema\\\/logo\\\/image\\\/\"}},{\"@type\":\"Person\",\"@id\":\"https:\\\/\\\/www.nbi-ngf.ch\\\/fr\\\/#\\\/schema\\\/person\\\/2295911645eb8eda2ea5c43d4e206557\",\"name\":\"wgsuperuser\",\"image\":{\"@type\":\"ImageObject\",\"inLanguage\":\"fr-FR\",\"@id\":\"https:\\\/\\\/secure.gravatar.com\\\/avatar\\\/613c72dbdf3aa98019efbbbb7be6cdeb166f9b8d958a22898acef8fe44488367?s=96&d=mm&r=g\",\"url\":\"https:\\\/\\\/secure.gravatar.com\\\/avatar\\\/613c72dbdf3aa98019efbbbb7be6cdeb166f9b8d958a22898acef8fe44488367?s=96&d=mm&r=g\",\"contentUrl\":\"https:\\\/\\\/secure.gravatar.com\\\/avatar\\\/613c72dbdf3aa98019efbbbb7be6cdeb166f9b8d958a22898acef8fe44488367?s=96&d=mm&r=g\",\"caption\":\"wgsuperuser\"},\"sameAs\":[\"https:\\\/\\\/www.nbi-ngf.ch\"],\"url\":\"https:\\\/\\\/www.nbi-ngf.ch\\\/fr\\\/author\\\/wgsuperuser\\\/\"}]}<\/script>\n<!-- \/ Yoast SEO plugin. -->","yoast_head_json":{"title":"Modification de la loi - Nationales Versicherungsb\u00fcro | Nationaler Garantiefonds","robots":{"index":"index","follow":"follow","max-snippet":"max-snippet:-1","max-image-preview":"max-image-preview:large","max-video-preview":"max-video-preview:-1"},"canonical":"https:\/\/www.nbi-ngf.ch\/fr\/2024\/01\/01\/3506\/","og_locale":"fr_FR","og_type":"article","og_title":"Modification de la loi - Nationales Versicherungsb\u00fcro | Nationaler Garantiefonds","og_description":"Le 1er janvier 2024, plusieurs modifications de la loi sur la circulation routi\u00e8re (LCR) et de l'ordonnance sur l'assurance des v\u00e9hicules (OAV) sont entr\u00e9es en vigueur et concernent le Fonds National Suisse de Garantie (FNG).","og_url":"https:\/\/www.nbi-ngf.ch\/fr\/2024\/01\/01\/3506\/","og_site_name":"Nationales Versicherungsb\u00fcro | Nationaler Garantiefonds","article_published_time":"2024-01-01T08:58:00+00:00","article_modified_time":"2026-04-20T04:58:02+00:00","og_image":[{"width":1024,"height":512,"url":"https:\/\/www.nbi-ngf.ch\/wp-content\/uploads\/2025\/04\/linz.productions_drone_photo_of_a_single_red_car_on_the_right_l_fd19507b-cae9-48f1-98d9-f03c3bbce10a-1024x512.png","type":"image\/png"}],"author":"wgsuperuser","twitter_card":"summary_large_image","twitter_misc":{"\u00c9crit par":"wgsuperuser","Dur\u00e9e de lecture estim\u00e9e":"5 minutes"},"schema":{"@context":"https:\/\/schema.org","@graph":[{"@type":"Article","@id":"https:\/\/www.nbi-ngf.ch\/fr\/2024\/01\/01\/3506\/#article","isPartOf":{"@id":"https:\/\/www.nbi-ngf.ch\/fr\/2024\/01\/01\/3506\/"},"author":{"name":"wgsuperuser","@id":"https:\/\/www.nbi-ngf.ch\/fr\/#\/schema\/person\/2295911645eb8eda2ea5c43d4e206557"},"headline":"Modification de la loi","datePublished":"2024-01-01T08:58:00+00:00","dateModified":"2026-04-20T04:58:02+00:00","mainEntityOfPage":{"@id":"https:\/\/www.nbi-ngf.ch\/fr\/2024\/01\/01\/3506\/"},"wordCount":957,"publisher":{"@id":"https:\/\/www.nbi-ngf.ch\/fr\/#organization"},"image":{"@id":"https:\/\/www.nbi-ngf.ch\/fr\/2024\/01\/01\/3506\/#primaryimage"},"thumbnailUrl":"https:\/\/www.nbi-ngf.ch\/wp-content\/uploads\/2025\/04\/linz.productions_drone_photo_of_a_single_red_car_on_the_right_l_fd19507b-cae9-48f1-98d9-f03c3bbce10a_n.jpg","articleSection":["Aktuell"],"inLanguage":"fr-FR"},{"@type":"WebPage","@id":"https:\/\/www.nbi-ngf.ch\/fr\/2024\/01\/01\/3506\/","url":"https:\/\/www.nbi-ngf.ch\/fr\/2024\/01\/01\/3506\/","name":"Modification de la loi - Nationales Versicherungsb\u00fcro | Nationaler Garantiefonds","isPartOf":{"@id":"https:\/\/www.nbi-ngf.ch\/fr\/#website"},"primaryImageOfPage":{"@id":"https:\/\/www.nbi-ngf.ch\/fr\/2024\/01\/01\/3506\/#primaryimage"},"image":{"@id":"https:\/\/www.nbi-ngf.ch\/fr\/2024\/01\/01\/3506\/#primaryimage"},"thumbnailUrl":"https:\/\/www.nbi-ngf.ch\/wp-content\/uploads\/2025\/04\/linz.productions_drone_photo_of_a_single_red_car_on_the_right_l_fd19507b-cae9-48f1-98d9-f03c3bbce10a_n.jpg","datePublished":"2024-01-01T08:58:00+00:00","dateModified":"2026-04-20T04:58:02+00:00","breadcrumb":{"@id":"https:\/\/www.nbi-ngf.ch\/fr\/2024\/01\/01\/3506\/#breadcrumb"},"inLanguage":"fr-FR","potentialAction":[{"@type":"ReadAction","target":["https:\/\/www.nbi-ngf.ch\/fr\/2024\/01\/01\/3506\/"]}]},{"@type":"ImageObject","inLanguage":"fr-FR","@id":"https:\/\/www.nbi-ngf.ch\/fr\/2024\/01\/01\/3506\/#primaryimage","url":"https:\/\/www.nbi-ngf.ch\/wp-content\/uploads\/2025\/04\/linz.productions_drone_photo_of_a_single_red_car_on_the_right_l_fd19507b-cae9-48f1-98d9-f03c3bbce10a_n.jpg","contentUrl":"https:\/\/www.nbi-ngf.ch\/wp-content\/uploads\/2025\/04\/linz.productions_drone_photo_of_a_single_red_car_on_the_right_l_fd19507b-cae9-48f1-98d9-f03c3bbce10a_n.jpg","width":1536,"height":768},{"@type":"BreadcrumbList","@id":"https:\/\/www.nbi-ngf.ch\/fr\/2024\/01\/01\/3506\/#breadcrumb","itemListElement":[{"@type":"ListItem","position":1,"name":"Home","item":"https:\/\/www.nbi-ngf.ch\/fr\/"},{"@type":"ListItem","position":2,"name":"Modification de la loi"}]},{"@type":"WebSite","@id":"https:\/\/www.nbi-ngf.ch\/fr\/#website","url":"https:\/\/www.nbi-ngf.ch\/fr\/","name":"Nationales Versicherungsb\u00fcro | Nationaler Garantiefonds","description":"Schweiz","publisher":{"@id":"https:\/\/www.nbi-ngf.ch\/fr\/#organization"},"potentialAction":[{"@type":"SearchAction","target":{"@type":"EntryPoint","urlTemplate":"https:\/\/www.nbi-ngf.ch\/fr\/?s={search_term_string}"},"query-input":{"@type":"PropertyValueSpecification","valueRequired":true,"valueName":"search_term_string"}}],"inLanguage":"fr-FR"},{"@type":"Organization","@id":"https:\/\/www.nbi-ngf.ch\/fr\/#organization","name":"Nationales Versicherungsb\u00fcro | Nationaler Garantiefonds","url":"https:\/\/www.nbi-ngf.ch\/fr\/","logo":{"@type":"ImageObject","inLanguage":"fr-FR","@id":"https:\/\/www.nbi-ngf.ch\/fr\/#\/schema\/logo\/image\/","url":"https:\/\/www.nbi-ngf.ch\/wp-content\/uploads\/2025\/04\/Logo-Nbi-Ngf.svg","contentUrl":"https:\/\/www.nbi-ngf.ch\/wp-content\/uploads\/2025\/04\/Logo-Nbi-Ngf.svg","caption":"Nationales Versicherungsb\u00fcro | Nationaler Garantiefonds"},"image":{"@id":"https:\/\/www.nbi-ngf.ch\/fr\/#\/schema\/logo\/image\/"}},{"@type":"Person","@id":"https:\/\/www.nbi-ngf.ch\/fr\/#\/schema\/person\/2295911645eb8eda2ea5c43d4e206557","name":"wgsuperuser","image":{"@type":"ImageObject","inLanguage":"fr-FR","@id":"https:\/\/secure.gravatar.com\/avatar\/613c72dbdf3aa98019efbbbb7be6cdeb166f9b8d958a22898acef8fe44488367?s=96&d=mm&r=g","url":"https:\/\/secure.gravatar.com\/avatar\/613c72dbdf3aa98019efbbbb7be6cdeb166f9b8d958a22898acef8fe44488367?s=96&d=mm&r=g","contentUrl":"https:\/\/secure.gravatar.com\/avatar\/613c72dbdf3aa98019efbbbb7be6cdeb166f9b8d958a22898acef8fe44488367?s=96&d=mm&r=g","caption":"wgsuperuser"},"sameAs":["https:\/\/www.nbi-ngf.ch"],"url":"https:\/\/www.nbi-ngf.ch\/fr\/author\/wgsuperuser\/"}]}},"_links":{"self":[{"href":"https:\/\/www.nbi-ngf.ch\/fr\/wp-json\/wp\/v2\/posts\/3506","targetHints":{"allow":["GET"]}}],"collection":[{"href":"https:\/\/www.nbi-ngf.ch\/fr\/wp-json\/wp\/v2\/posts"}],"about":[{"href":"https:\/\/www.nbi-ngf.ch\/fr\/wp-json\/wp\/v2\/types\/post"}],"author":[{"embeddable":true,"href":"https:\/\/www.nbi-ngf.ch\/fr\/wp-json\/wp\/v2\/users\/1"}],"replies":[{"embeddable":true,"href":"https:\/\/www.nbi-ngf.ch\/fr\/wp-json\/wp\/v2\/comments?post=3506"}],"version-history":[{"count":9,"href":"https:\/\/www.nbi-ngf.ch\/fr\/wp-json\/wp\/v2\/posts\/3506\/revisions"}],"predecessor-version":[{"id":8137,"href":"https:\/\/www.nbi-ngf.ch\/fr\/wp-json\/wp\/v2\/posts\/3506\/revisions\/8137"}],"wp:featuredmedia":[{"embeddable":true,"href":"https:\/\/www.nbi-ngf.ch\/fr\/wp-json\/wp\/v2\/media\/2295"}],"wp:attachment":[{"href":"https:\/\/www.nbi-ngf.ch\/fr\/wp-json\/wp\/v2\/media?parent=3506"}],"wp:term":[{"taxonomy":"category","embeddable":true,"href":"https:\/\/www.nbi-ngf.ch\/fr\/wp-json\/wp\/v2\/categories?post=3506"},{"taxonomy":"post_tag","embeddable":true,"href":"https:\/\/www.nbi-ngf.ch\/fr\/wp-json\/wp\/v2\/tags?post=3506"}],"curies":[{"name":"wp","href":"https:\/\/api.w.org\/{rel}","templated":true}]}}