{"id":3481,"date":"2025-08-16T09:26:41","date_gmt":"2025-08-16T07:26:41","guid":{"rendered":"https:\/\/www.nbi-ngf.ch\/?p=3481"},"modified":"2026-04-20T06:58:01","modified_gmt":"2026-04-20T04:58:01","slug":"cob-elections-presidentielles","status":"publish","type":"post","link":"https:\/\/www.nbi-ngf.ch\/fr\/2025\/08\/16\/cob-elections-presidentielles\/","title":{"rendered":"COB \u00c9lections pr\u00e9sidentielles"},"content":{"rendered":"\t\t<div data-elementor-type=\"wp-post\" data-elementor-id=\"3481\" class=\"elementor elementor-3481 elementor-2124\" data-elementor-post-type=\"post\">\n\t\t\t\t<div class=\"elementor-element elementor-element-beaf393 e-flex e-con-boxed e-con e-parent\" data-id=\"beaf393\" data-element_type=\"container\" data-e-type=\"container\">\n\t\t\t\t\t<div class=\"e-con-inner\">\n\t\t<div class=\"elementor-element elementor-element-f8704ed e-con-full e-flex e-con e-child\" data-id=\"f8704ed\" data-element_type=\"container\" data-e-type=\"container\">\n\t\t\t\t<div class=\"elementor-element elementor-element-13587c2 elementor-widget-divider--view-line elementor-widget elementor-widget-divider\" data-id=\"13587c2\" data-element_type=\"widget\" data-e-type=\"widget\" data-widget_type=\"divider.default\">\n\t\t\t\t<div class=\"elementor-widget-container\">\n\t\t\t\t\t\t\t<div class=\"elementor-divider\">\n\t\t\t<span class=\"elementor-divider-separator\">\n\t\t\t\t\t\t<\/span>\n\t\t<\/div>\n\t\t\t\t\t\t<\/div>\n\t\t\t\t<\/div>\n\t\t\t\t<div class=\"elementor-element elementor-element-9472059 elementor-widget elementor-widget-text-editor\" data-id=\"9472059\" data-element_type=\"widget\" data-e-type=\"widget\" data-widget_type=\"text-editor.default\">\n\t\t\t\t<div class=\"elementor-widget-container\">\n\t\t\t\t\t\t\t\t\t<p>Le processus d&rsquo;\u00e9lection de la nouvelle pr\u00e9sidence du\u00a0COB a commenc\u00e9. Pour la p\u00e9riode allant de la fin de l&rsquo;assembl\u00e9e g\u00e9n\u00e9rale 2025 \u00e0 la fin de l&rsquo;assembl\u00e9e g\u00e9n\u00e9rale 2030, un nouveau pr\u00e9sident\/une nouvelle pr\u00e9sidente et deux nouveaux vice-pr\u00e9sidents\/vice-pr\u00e9sidentes sont recherch\u00e9s. Les membres du\u00a0COB ont pu soumettre leurs candidatures. Les candidatures re\u00e7ues ont fait l&rsquo;objet d&rsquo;un vote. Le coll\u00e8ge suivant a obtenu le soutien unanime de tous les votants:<\/p><ul><li><strong>M. Sorin GRECEANU, candidat au poste de pr\u00e9sident,<\/strong><br \/>repr\u00e9sente la l\u00e9gislation europ\u00e9enne en mati\u00e8re de protection des visiteurs et est directeur g\u00e9n\u00e9ral de BAAR, le bureau roumain qui assure la fonction de bureau de la carte verte, de fonds de garantie, d&rsquo;organisme d&rsquo;indemnisation et de centre d&rsquo;information. En tant que vice-pr\u00e9sident, il est membre de l&rsquo;actuel Coll\u00e8ge pr\u00e9sidentiel.<\/li><li><strong>M. Abderrahim DIOURI, candidat au poste de vice-pr\u00e9sident,<\/strong><br \/>repr\u00e9sente les \u00c9tats non signataires de l&rsquo;accord multilat\u00e9ral et est directeur ex\u00e9cutif du Bureau marocain de la carte verte (BCMA). En tant que vice-pr\u00e9sident, il est membre de l&rsquo;actuel coll\u00e8ge pr\u00e9sidentiel.<\/li><li><strong>M. Daniel WERNLI, candidat au poste de vice-pr\u00e9sident,<\/strong><br \/>repr\u00e9sente les \u00c9tats signataires de l&rsquo;Accord multilat\u00e9ral et est pr\u00e9sident du Bureau National Suisse d&rsquo;Assurance (BNA) et du Fonds National Suisse de Garantie (FNG). Il est en outre responsable du Monitoring Committee du COB.\u00a0<\/li><\/ul><p>Le r\u00e9sultat du vote a \u00e9t\u00e9 pr\u00e9sent\u00e9 au Conseil de surveillance du COB en d\u00e9cembre 2024. Conform\u00e9ment \u00e0 l&rsquo;article 6.2.4 des Standard Operating Procedures, le coll\u00e8ge pr\u00e9sidentiel candidat sera propos\u00e9 \u00e0 l&rsquo;approbation de l&rsquo;assembl\u00e9e g\u00e9n\u00e9rale en juin 2025.<\/p>\t\t\t\t\t\t\t\t<\/div>\n\t\t\t\t<\/div>\n\t\t\t\t<\/div>\n\t\t<div class=\"elementor-element elementor-element-0eea372 e-con-full e-flex e-con e-child\" data-id=\"0eea372\" data-element_type=\"container\" data-e-type=\"container\">\n\t\t\t\t<\/div>\n\t\t\t\t\t<\/div>\n\t\t\t\t<\/div>\n\t\t<div class=\"elementor-element elementor-element-0702f42 e-flex e-con-boxed e-con e-parent\" data-id=\"0702f42\" data-element_type=\"container\" data-e-type=\"container\">\n\t\t\t\t\t<div class=\"e-con-inner\">\n\t\t\t\t<div class=\"elementor-element elementor-element-9120275 elementor-widget elementor-widget-spacer\" data-id=\"9120275\" data-element_type=\"widget\" data-e-type=\"widget\" data-widget_type=\"spacer.default\">\n\t\t\t\t<div class=\"elementor-widget-container\">\n\t\t\t\t\t\t\t<div class=\"elementor-spacer\">\n\t\t\t<div class=\"elementor-spacer-inner\"><\/div>\n\t\t<\/div>\n\t\t\t\t\t\t<\/div>\n\t\t\t\t<\/div>\n\t\t\t\t\t<\/div>\n\t\t\t\t<\/div>\n\t\t\t\t<\/div>\n\t\t","protected":false},"excerpt":{"rendered":"<p>Le processus \u00e9lectoral pour la nouvelle pr\u00e9sidence du COB (2025-2030) est termin\u00e9. Les membres ont pr\u00e9sent\u00e9 des candidatures qui ont \u00e9t\u00e9 soumises au vote. Le coll\u00e8ge suivant a \u00e9t\u00e9 \u00e9lu \u00e0 l&rsquo;unanimit\u00e9.<\/p>\n","protected":false},"author":1,"featured_media":2299,"comment_status":"closed","ping_status":"closed","sticky":false,"template":"","format":"standard","meta":{"_acf_changed":false,"footnotes":""},"categories":[25],"tags":[],"class_list":["post-3481","post","type-post","status-publish","format-standard","has-post-thumbnail","hentry","category-aktuell-fr"],"acf":[],"yoast_head":"<!-- This site is optimized with the Yoast SEO plugin v27.4 - https:\/\/yoast.com\/product\/yoast-seo-wordpress\/ -->\n<title>COB \u00c9lections pr\u00e9sidentielles - Nationales Versicherungsb\u00fcro | Nationaler Garantiefonds<\/title>\n<meta name=\"robots\" content=\"index, follow, max-snippet:-1, max-image-preview:large, max-video-preview:-1\" \/>\n<link rel=\"canonical\" href=\"https:\/\/www.nbi-ngf.ch\/fr\/2025\/08\/16\/cob-elections-presidentielles\/\" \/>\n<meta property=\"og:locale\" content=\"fr_FR\" \/>\n<meta property=\"og:type\" content=\"article\" \/>\n<meta property=\"og:title\" content=\"COB \u00c9lections pr\u00e9sidentielles - Nationales Versicherungsb\u00fcro | Nationaler Garantiefonds\" \/>\n<meta property=\"og:description\" content=\"Le processus \u00e9lectoral pour la nouvelle pr\u00e9sidence du COB (2025-2030) est termin\u00e9. Les membres ont pr\u00e9sent\u00e9 des candidatures qui ont \u00e9t\u00e9 soumises au vote. Le coll\u00e8ge suivant a \u00e9t\u00e9 \u00e9lu \u00e0 l&#039;unanimit\u00e9.\" \/>\n<meta property=\"og:url\" content=\"https:\/\/www.nbi-ngf.ch\/fr\/2025\/08\/16\/cob-elections-presidentielles\/\" \/>\n<meta property=\"og:site_name\" content=\"Nationales Versicherungsb\u00fcro | Nationaler Garantiefonds\" \/>\n<meta property=\"article:published_time\" content=\"2025-08-16T07:26:41+00:00\" \/>\n<meta property=\"article:modified_time\" content=\"2026-04-20T04:58:01+00:00\" \/>\n<meta property=\"og:image\" content=\"https:\/\/www.nbi-ngf.ch\/wp-content\/uploads\/2025\/04\/linz.productions_realistic_photo_of_Voting_meeting_in_Switzerla_ab3e9396-43e5-4db6-aca2-d174813fc8d4.png\" \/>\n\t<meta property=\"og:image:width\" content=\"1536\" \/>\n\t<meta property=\"og:image:height\" content=\"768\" \/>\n\t<meta property=\"og:image:type\" content=\"image\/png\" \/>\n<meta name=\"author\" content=\"wgsuperuser\" \/>\n<meta name=\"twitter:card\" content=\"summary_large_image\" \/>\n<meta name=\"twitter:label1\" content=\"\u00c9crit par\" \/>\n\t<meta name=\"twitter:data1\" content=\"wgsuperuser\" \/>\n\t<meta name=\"twitter:label2\" content=\"Dur\u00e9e de lecture estim\u00e9e\" \/>\n\t<meta name=\"twitter:data2\" content=\"2 minutes\" \/>\n<script type=\"application\/ld+json\" class=\"yoast-schema-graph\">{\"@context\":\"https:\\\/\\\/schema.org\",\"@graph\":[{\"@type\":\"Article\",\"@id\":\"https:\\\/\\\/www.nbi-ngf.ch\\\/fr\\\/2025\\\/08\\\/16\\\/cob-elections-presidentielles\\\/#article\",\"isPartOf\":{\"@id\":\"https:\\\/\\\/www.nbi-ngf.ch\\\/fr\\\/2025\\\/08\\\/16\\\/cob-elections-presidentielles\\\/\"},\"author\":{\"name\":\"wgsuperuser\",\"@id\":\"https:\\\/\\\/www.nbi-ngf.ch\\\/fr\\\/#\\\/schema\\\/person\\\/2295911645eb8eda2ea5c43d4e206557\"},\"headline\":\"COB \u00c9lections pr\u00e9sidentielles\",\"datePublished\":\"2025-08-16T07:26:41+00:00\",\"dateModified\":\"2026-04-20T04:58:01+00:00\",\"mainEntityOfPage\":{\"@id\":\"https:\\\/\\\/www.nbi-ngf.ch\\\/fr\\\/2025\\\/08\\\/16\\\/cob-elections-presidentielles\\\/\"},\"wordCount\":305,\"publisher\":{\"@id\":\"https:\\\/\\\/www.nbi-ngf.ch\\\/fr\\\/#organization\"},\"image\":{\"@id\":\"https:\\\/\\\/www.nbi-ngf.ch\\\/fr\\\/2025\\\/08\\\/16\\\/cob-elections-presidentielles\\\/#primaryimage\"},\"thumbnailUrl\":\"https:\\\/\\\/www.nbi-ngf.ch\\\/wp-content\\\/uploads\\\/2025\\\/04\\\/linz.productions_realistic_photo_of_Voting_meeting_in_Switzerla_ab3e9396-43e5-4db6-aca2-d174813fc8d4.png\",\"articleSection\":[\"Aktuell\"],\"inLanguage\":\"fr-FR\"},{\"@type\":\"WebPage\",\"@id\":\"https:\\\/\\\/www.nbi-ngf.ch\\\/fr\\\/2025\\\/08\\\/16\\\/cob-elections-presidentielles\\\/\",\"url\":\"https:\\\/\\\/www.nbi-ngf.ch\\\/fr\\\/2025\\\/08\\\/16\\\/cob-elections-presidentielles\\\/\",\"name\":\"COB \u00c9lections pr\u00e9sidentielles - Nationales Versicherungsb\u00fcro | Nationaler Garantiefonds\",\"isPartOf\":{\"@id\":\"https:\\\/\\\/www.nbi-ngf.ch\\\/fr\\\/#website\"},\"primaryImageOfPage\":{\"@id\":\"https:\\\/\\\/www.nbi-ngf.ch\\\/fr\\\/2025\\\/08\\\/16\\\/cob-elections-presidentielles\\\/#primaryimage\"},\"image\":{\"@id\":\"https:\\\/\\\/www.nbi-ngf.ch\\\/fr\\\/2025\\\/08\\\/16\\\/cob-elections-presidentielles\\\/#primaryimage\"},\"thumbnailUrl\":\"https:\\\/\\\/www.nbi-ngf.ch\\\/wp-content\\\/uploads\\\/2025\\\/04\\\/linz.productions_realistic_photo_of_Voting_meeting_in_Switzerla_ab3e9396-43e5-4db6-aca2-d174813fc8d4.png\",\"datePublished\":\"2025-08-16T07:26:41+00:00\",\"dateModified\":\"2026-04-20T04:58:01+00:00\",\"breadcrumb\":{\"@id\":\"https:\\\/\\\/www.nbi-ngf.ch\\\/fr\\\/2025\\\/08\\\/16\\\/cob-elections-presidentielles\\\/#breadcrumb\"},\"inLanguage\":\"fr-FR\",\"potentialAction\":[{\"@type\":\"ReadAction\",\"target\":[\"https:\\\/\\\/www.nbi-ngf.ch\\\/fr\\\/2025\\\/08\\\/16\\\/cob-elections-presidentielles\\\/\"]}]},{\"@type\":\"ImageObject\",\"inLanguage\":\"fr-FR\",\"@id\":\"https:\\\/\\\/www.nbi-ngf.ch\\\/fr\\\/2025\\\/08\\\/16\\\/cob-elections-presidentielles\\\/#primaryimage\",\"url\":\"https:\\\/\\\/www.nbi-ngf.ch\\\/wp-content\\\/uploads\\\/2025\\\/04\\\/linz.productions_realistic_photo_of_Voting_meeting_in_Switzerla_ab3e9396-43e5-4db6-aca2-d174813fc8d4.png\",\"contentUrl\":\"https:\\\/\\\/www.nbi-ngf.ch\\\/wp-content\\\/uploads\\\/2025\\\/04\\\/linz.productions_realistic_photo_of_Voting_meeting_in_Switzerla_ab3e9396-43e5-4db6-aca2-d174813fc8d4.png\",\"width\":1536,\"height\":768},{\"@type\":\"BreadcrumbList\",\"@id\":\"https:\\\/\\\/www.nbi-ngf.ch\\\/fr\\\/2025\\\/08\\\/16\\\/cob-elections-presidentielles\\\/#breadcrumb\",\"itemListElement\":[{\"@type\":\"ListItem\",\"position\":1,\"name\":\"Home\",\"item\":\"https:\\\/\\\/www.nbi-ngf.ch\\\/fr\\\/\"},{\"@type\":\"ListItem\",\"position\":2,\"name\":\"COB \u00c9lections pr\u00e9sidentielles\"}]},{\"@type\":\"WebSite\",\"@id\":\"https:\\\/\\\/www.nbi-ngf.ch\\\/fr\\\/#website\",\"url\":\"https:\\\/\\\/www.nbi-ngf.ch\\\/fr\\\/\",\"name\":\"Nationales Versicherungsb\u00fcro | Nationaler Garantiefonds\",\"description\":\"Schweiz\",\"publisher\":{\"@id\":\"https:\\\/\\\/www.nbi-ngf.ch\\\/fr\\\/#organization\"},\"potentialAction\":[{\"@type\":\"SearchAction\",\"target\":{\"@type\":\"EntryPoint\",\"urlTemplate\":\"https:\\\/\\\/www.nbi-ngf.ch\\\/fr\\\/?s={search_term_string}\"},\"query-input\":{\"@type\":\"PropertyValueSpecification\",\"valueRequired\":true,\"valueName\":\"search_term_string\"}}],\"inLanguage\":\"fr-FR\"},{\"@type\":\"Organization\",\"@id\":\"https:\\\/\\\/www.nbi-ngf.ch\\\/fr\\\/#organization\",\"name\":\"Nationales Versicherungsb\u00fcro | Nationaler Garantiefonds\",\"url\":\"https:\\\/\\\/www.nbi-ngf.ch\\\/fr\\\/\",\"logo\":{\"@type\":\"ImageObject\",\"inLanguage\":\"fr-FR\",\"@id\":\"https:\\\/\\\/www.nbi-ngf.ch\\\/fr\\\/#\\\/schema\\\/logo\\\/image\\\/\",\"url\":\"https:\\\/\\\/www.nbi-ngf.ch\\\/wp-content\\\/uploads\\\/2025\\\/04\\\/Logo-Nbi-Ngf.svg\",\"contentUrl\":\"https:\\\/\\\/www.nbi-ngf.ch\\\/wp-content\\\/uploads\\\/2025\\\/04\\\/Logo-Nbi-Ngf.svg\",\"caption\":\"Nationales Versicherungsb\u00fcro | Nationaler Garantiefonds\"},\"image\":{\"@id\":\"https:\\\/\\\/www.nbi-ngf.ch\\\/fr\\\/#\\\/schema\\\/logo\\\/image\\\/\"}},{\"@type\":\"Person\",\"@id\":\"https:\\\/\\\/www.nbi-ngf.ch\\\/fr\\\/#\\\/schema\\\/person\\\/2295911645eb8eda2ea5c43d4e206557\",\"name\":\"wgsuperuser\",\"image\":{\"@type\":\"ImageObject\",\"inLanguage\":\"fr-FR\",\"@id\":\"https:\\\/\\\/secure.gravatar.com\\\/avatar\\\/613c72dbdf3aa98019efbbbb7be6cdeb166f9b8d958a22898acef8fe44488367?s=96&d=mm&r=g\",\"url\":\"https:\\\/\\\/secure.gravatar.com\\\/avatar\\\/613c72dbdf3aa98019efbbbb7be6cdeb166f9b8d958a22898acef8fe44488367?s=96&d=mm&r=g\",\"contentUrl\":\"https:\\\/\\\/secure.gravatar.com\\\/avatar\\\/613c72dbdf3aa98019efbbbb7be6cdeb166f9b8d958a22898acef8fe44488367?s=96&d=mm&r=g\",\"caption\":\"wgsuperuser\"},\"sameAs\":[\"https:\\\/\\\/www.nbi-ngf.ch\"],\"url\":\"https:\\\/\\\/www.nbi-ngf.ch\\\/fr\\\/author\\\/wgsuperuser\\\/\"}]}<\/script>\n<!-- \/ Yoast SEO plugin. -->","yoast_head_json":{"title":"COB \u00c9lections pr\u00e9sidentielles - Nationales Versicherungsb\u00fcro | Nationaler Garantiefonds","robots":{"index":"index","follow":"follow","max-snippet":"max-snippet:-1","max-image-preview":"max-image-preview:large","max-video-preview":"max-video-preview:-1"},"canonical":"https:\/\/www.nbi-ngf.ch\/fr\/2025\/08\/16\/cob-elections-presidentielles\/","og_locale":"fr_FR","og_type":"article","og_title":"COB \u00c9lections pr\u00e9sidentielles - Nationales Versicherungsb\u00fcro | Nationaler Garantiefonds","og_description":"Le processus \u00e9lectoral pour la nouvelle pr\u00e9sidence du COB (2025-2030) est termin\u00e9. Les membres ont pr\u00e9sent\u00e9 des candidatures qui ont \u00e9t\u00e9 soumises au vote. Le coll\u00e8ge suivant a \u00e9t\u00e9 \u00e9lu \u00e0 l'unanimit\u00e9.","og_url":"https:\/\/www.nbi-ngf.ch\/fr\/2025\/08\/16\/cob-elections-presidentielles\/","og_site_name":"Nationales Versicherungsb\u00fcro | Nationaler Garantiefonds","article_published_time":"2025-08-16T07:26:41+00:00","article_modified_time":"2026-04-20T04:58:01+00:00","og_image":[{"width":1536,"height":768,"url":"https:\/\/www.nbi-ngf.ch\/wp-content\/uploads\/2025\/04\/linz.productions_realistic_photo_of_Voting_meeting_in_Switzerla_ab3e9396-43e5-4db6-aca2-d174813fc8d4.png","type":"image\/png"}],"author":"wgsuperuser","twitter_card":"summary_large_image","twitter_misc":{"\u00c9crit par":"wgsuperuser","Dur\u00e9e de lecture estim\u00e9e":"2 minutes"},"schema":{"@context":"https:\/\/schema.org","@graph":[{"@type":"Article","@id":"https:\/\/www.nbi-ngf.ch\/fr\/2025\/08\/16\/cob-elections-presidentielles\/#article","isPartOf":{"@id":"https:\/\/www.nbi-ngf.ch\/fr\/2025\/08\/16\/cob-elections-presidentielles\/"},"author":{"name":"wgsuperuser","@id":"https:\/\/www.nbi-ngf.ch\/fr\/#\/schema\/person\/2295911645eb8eda2ea5c43d4e206557"},"headline":"COB \u00c9lections pr\u00e9sidentielles","datePublished":"2025-08-16T07:26:41+00:00","dateModified":"2026-04-20T04:58:01+00:00","mainEntityOfPage":{"@id":"https:\/\/www.nbi-ngf.ch\/fr\/2025\/08\/16\/cob-elections-presidentielles\/"},"wordCount":305,"publisher":{"@id":"https:\/\/www.nbi-ngf.ch\/fr\/#organization"},"image":{"@id":"https:\/\/www.nbi-ngf.ch\/fr\/2025\/08\/16\/cob-elections-presidentielles\/#primaryimage"},"thumbnailUrl":"https:\/\/www.nbi-ngf.ch\/wp-content\/uploads\/2025\/04\/linz.productions_realistic_photo_of_Voting_meeting_in_Switzerla_ab3e9396-43e5-4db6-aca2-d174813fc8d4.png","articleSection":["Aktuell"],"inLanguage":"fr-FR"},{"@type":"WebPage","@id":"https:\/\/www.nbi-ngf.ch\/fr\/2025\/08\/16\/cob-elections-presidentielles\/","url":"https:\/\/www.nbi-ngf.ch\/fr\/2025\/08\/16\/cob-elections-presidentielles\/","name":"COB \u00c9lections pr\u00e9sidentielles - Nationales Versicherungsb\u00fcro | Nationaler Garantiefonds","isPartOf":{"@id":"https:\/\/www.nbi-ngf.ch\/fr\/#website"},"primaryImageOfPage":{"@id":"https:\/\/www.nbi-ngf.ch\/fr\/2025\/08\/16\/cob-elections-presidentielles\/#primaryimage"},"image":{"@id":"https:\/\/www.nbi-ngf.ch\/fr\/2025\/08\/16\/cob-elections-presidentielles\/#primaryimage"},"thumbnailUrl":"https:\/\/www.nbi-ngf.ch\/wp-content\/uploads\/2025\/04\/linz.productions_realistic_photo_of_Voting_meeting_in_Switzerla_ab3e9396-43e5-4db6-aca2-d174813fc8d4.png","datePublished":"2025-08-16T07:26:41+00:00","dateModified":"2026-04-20T04:58:01+00:00","breadcrumb":{"@id":"https:\/\/www.nbi-ngf.ch\/fr\/2025\/08\/16\/cob-elections-presidentielles\/#breadcrumb"},"inLanguage":"fr-FR","potentialAction":[{"@type":"ReadAction","target":["https:\/\/www.nbi-ngf.ch\/fr\/2025\/08\/16\/cob-elections-presidentielles\/"]}]},{"@type":"ImageObject","inLanguage":"fr-FR","@id":"https:\/\/www.nbi-ngf.ch\/fr\/2025\/08\/16\/cob-elections-presidentielles\/#primaryimage","url":"https:\/\/www.nbi-ngf.ch\/wp-content\/uploads\/2025\/04\/linz.productions_realistic_photo_of_Voting_meeting_in_Switzerla_ab3e9396-43e5-4db6-aca2-d174813fc8d4.png","contentUrl":"https:\/\/www.nbi-ngf.ch\/wp-content\/uploads\/2025\/04\/linz.productions_realistic_photo_of_Voting_meeting_in_Switzerla_ab3e9396-43e5-4db6-aca2-d174813fc8d4.png","width":1536,"height":768},{"@type":"BreadcrumbList","@id":"https:\/\/www.nbi-ngf.ch\/fr\/2025\/08\/16\/cob-elections-presidentielles\/#breadcrumb","itemListElement":[{"@type":"ListItem","position":1,"name":"Home","item":"https:\/\/www.nbi-ngf.ch\/fr\/"},{"@type":"ListItem","position":2,"name":"COB \u00c9lections pr\u00e9sidentielles"}]},{"@type":"WebSite","@id":"https:\/\/www.nbi-ngf.ch\/fr\/#website","url":"https:\/\/www.nbi-ngf.ch\/fr\/","name":"Nationales Versicherungsb\u00fcro | Nationaler Garantiefonds","description":"Schweiz","publisher":{"@id":"https:\/\/www.nbi-ngf.ch\/fr\/#organization"},"potentialAction":[{"@type":"SearchAction","target":{"@type":"EntryPoint","urlTemplate":"https:\/\/www.nbi-ngf.ch\/fr\/?s={search_term_string}"},"query-input":{"@type":"PropertyValueSpecification","valueRequired":true,"valueName":"search_term_string"}}],"inLanguage":"fr-FR"},{"@type":"Organization","@id":"https:\/\/www.nbi-ngf.ch\/fr\/#organization","name":"Nationales Versicherungsb\u00fcro | Nationaler Garantiefonds","url":"https:\/\/www.nbi-ngf.ch\/fr\/","logo":{"@type":"ImageObject","inLanguage":"fr-FR","@id":"https:\/\/www.nbi-ngf.ch\/fr\/#\/schema\/logo\/image\/","url":"https:\/\/www.nbi-ngf.ch\/wp-content\/uploads\/2025\/04\/Logo-Nbi-Ngf.svg","contentUrl":"https:\/\/www.nbi-ngf.ch\/wp-content\/uploads\/2025\/04\/Logo-Nbi-Ngf.svg","caption":"Nationales Versicherungsb\u00fcro | Nationaler Garantiefonds"},"image":{"@id":"https:\/\/www.nbi-ngf.ch\/fr\/#\/schema\/logo\/image\/"}},{"@type":"Person","@id":"https:\/\/www.nbi-ngf.ch\/fr\/#\/schema\/person\/2295911645eb8eda2ea5c43d4e206557","name":"wgsuperuser","image":{"@type":"ImageObject","inLanguage":"fr-FR","@id":"https:\/\/secure.gravatar.com\/avatar\/613c72dbdf3aa98019efbbbb7be6cdeb166f9b8d958a22898acef8fe44488367?s=96&d=mm&r=g","url":"https:\/\/secure.gravatar.com\/avatar\/613c72dbdf3aa98019efbbbb7be6cdeb166f9b8d958a22898acef8fe44488367?s=96&d=mm&r=g","contentUrl":"https:\/\/secure.gravatar.com\/avatar\/613c72dbdf3aa98019efbbbb7be6cdeb166f9b8d958a22898acef8fe44488367?s=96&d=mm&r=g","caption":"wgsuperuser"},"sameAs":["https:\/\/www.nbi-ngf.ch"],"url":"https:\/\/www.nbi-ngf.ch\/fr\/author\/wgsuperuser\/"}]}},"_links":{"self":[{"href":"https:\/\/www.nbi-ngf.ch\/fr\/wp-json\/wp\/v2\/posts\/3481","targetHints":{"allow":["GET"]}}],"collection":[{"href":"https:\/\/www.nbi-ngf.ch\/fr\/wp-json\/wp\/v2\/posts"}],"about":[{"href":"https:\/\/www.nbi-ngf.ch\/fr\/wp-json\/wp\/v2\/types\/post"}],"author":[{"embeddable":true,"href":"https:\/\/www.nbi-ngf.ch\/fr\/wp-json\/wp\/v2\/users\/1"}],"replies":[{"embeddable":true,"href":"https:\/\/www.nbi-ngf.ch\/fr\/wp-json\/wp\/v2\/comments?post=3481"}],"version-history":[{"count":13,"href":"https:\/\/www.nbi-ngf.ch\/fr\/wp-json\/wp\/v2\/posts\/3481\/revisions"}],"predecessor-version":[{"id":8129,"href":"https:\/\/www.nbi-ngf.ch\/fr\/wp-json\/wp\/v2\/posts\/3481\/revisions\/8129"}],"wp:featuredmedia":[{"embeddable":true,"href":"https:\/\/www.nbi-ngf.ch\/fr\/wp-json\/wp\/v2\/media\/2299"}],"wp:attachment":[{"href":"https:\/\/www.nbi-ngf.ch\/fr\/wp-json\/wp\/v2\/media?parent=3481"}],"wp:term":[{"taxonomy":"category","embeddable":true,"href":"https:\/\/www.nbi-ngf.ch\/fr\/wp-json\/wp\/v2\/categories?post=3481"},{"taxonomy":"post_tag","embeddable":true,"href":"https:\/\/www.nbi-ngf.ch\/fr\/wp-json\/wp\/v2\/tags?post=3481"}],"curies":[{"name":"wp","href":"https:\/\/api.w.org\/{rel}","templated":true}]}}