{"id":3438,"date":"2025-08-19T08:28:23","date_gmt":"2025-08-19T06:28:23","guid":{"rendered":"https:\/\/www.nbi-ngf.ch\/?p=3438"},"modified":"2026-04-20T06:58:01","modified_gmt":"2026-04-20T04:58:01","slug":"contributions-2026","status":"publish","type":"post","link":"https:\/\/www.nbi-ngf.ch\/fr\/2025\/08\/19\/contributions-2026\/","title":{"rendered":"Contributions 2026"},"content":{"rendered":"\t\t<div data-elementor-type=\"wp-post\" data-elementor-id=\"3438\" class=\"elementor elementor-3438 elementor-2205\" data-elementor-post-type=\"post\">\n\t\t\t\t<div class=\"elementor-element elementor-element-d01cd97 e-flex e-con-boxed e-con e-parent\" data-id=\"d01cd97\" data-element_type=\"container\" data-e-type=\"container\">\n\t\t\t\t\t<div class=\"e-con-inner\">\n\t\t<div class=\"elementor-element elementor-element-f1fe997 e-con-full e-flex e-con e-child\" data-id=\"f1fe997\" data-element_type=\"container\" data-e-type=\"container\">\n\t\t\t\t<div class=\"elementor-element elementor-element-06ce692 elementor-widget-divider--view-line elementor-widget elementor-widget-divider\" data-id=\"06ce692\" data-element_type=\"widget\" data-e-type=\"widget\" data-widget_type=\"divider.default\">\n\t\t\t\t<div class=\"elementor-widget-container\">\n\t\t\t\t\t\t\t<div class=\"elementor-divider\">\n\t\t\t<span class=\"elementor-divider-separator\">\n\t\t\t\t\t\t<\/span>\n\t\t<\/div>\n\t\t\t\t\t\t<\/div>\n\t\t\t\t<\/div>\n\t\t\t\t<div class=\"elementor-element elementor-element-883535c subtitle elementor-widget elementor-widget-heading\" data-id=\"883535c\" data-element_type=\"widget\" data-e-type=\"widget\" data-widget_type=\"heading.default\">\n\t\t\t\t<div class=\"elementor-widget-container\">\n\t\t\t\t\t<h3 class=\"elementor-heading-title elementor-size-default\">Adaptation des cotisations \u00e0 partir de 2026<\/h3>\t\t\t\t<\/div>\n\t\t\t\t<\/div>\n\t\t\t\t<div class=\"elementor-element elementor-element-a9d6bb4 elementor-widget elementor-widget-text-editor\" data-id=\"a9d6bb4\" data-element_type=\"widget\" data-e-type=\"widget\" data-widget_type=\"text-editor.default\">\n\t\t\t\t<div class=\"elementor-widget-container\">\n\t\t\t\t\t\t\t\t\t<p>Les contributions annuelles pour le financement du Bureau National d&rsquo;Assurance BNA et du Fonds National de Garantie FNG seront adapt\u00e9es \u00e0 partir du 1.1.2026. Les contributions pour les motocycles diminueront \u00e0 CHF 1.40, celles pour les v\u00e9hicules \u00e0 moteur lourds augmenteront \u00e0 CHF 12.60. Les contributions pour les v\u00e9hicules \u00e0 moteur jusqu\u2019\u00e0 3.5t resteront inchang\u00e9es \u00e0 CHF 4.20. Les contributions sont per\u00e7ues par v\u00e9hicule et par an.<\/p><p>Ces modifications ont \u00e9t\u00e9 rendues n\u00e9cessaires par la diminution de la charge des sinistres pour les motocycles et l&rsquo;augmentation de celle pour les v\u00e9hicules \u00e0 moteur lourds. L&rsquo;adaptation tient donc compte de l&rsquo;\u00e9volution r\u00e9elle des sinistres dans les cat\u00e9gories de v\u00e9hicules respectives. L\u2019Autorit\u00e9 f\u00e9d\u00e9rale de surveillance des march\u00e9s financiers FINMA et le gouvernement de la Principaut\u00e9 de Liechtenstein ont approuv\u00e9 les nouvelles contributions \u00e0 partir de 2026.\u00a0\u00a0<\/p>\t\t\t\t\t\t\t\t<\/div>\n\t\t\t\t<\/div>\n\t\t\t\t<div class=\"elementor-element elementor-element-a76c5ff elementor-widget elementor-widget-shortcode\" data-id=\"a76c5ff\" data-element_type=\"widget\" data-e-type=\"widget\" data-widget_type=\"shortcode.default\">\n\t\t\t\t<div class=\"elementor-widget-container\">\n\t\t\t\t\t\t\t<div class=\"elementor-shortcode\">\n<table id=\"tablepress-13\" class=\"tablepress tablepress-id-13\">\n<thead>\n<tr class=\"row-1\">\n\t<th class=\"column-1\">Contributions par an (\u00e0 partir du 1.1.2026)<\/th><th class=\"column-2\">BNA<\/th><th class=\"column-3\">FNG<\/th><th class=\"column-4\">Total<\/th>\n<\/tr>\n<\/thead>\n<tbody>\n<tr class=\"row-2\">\n\t<td class=\"column-1\">Motocycles<\/td><td class=\"column-2\"> CHF 0.10 <\/td><td class=\"column-3\"> CHF 1.30<\/td><td class=\"column-4\"> CHF 1.40<\/td>\n<\/tr>\n<tr class=\"row-3\">\n\t<td class=\"column-1\">V\u00e9hicules \u00e0 moteur jusqu'\u00e0 3.5 t <\/td><td class=\"column-2\"> CHF 0.30 <\/td><td class=\"column-3\"> CHF 3.90 <\/td><td class=\"column-4\"> CHF 4.20 <\/td>\n<\/tr>\n<tr class=\"row-4\">\n\t<td class=\"column-1\">V\u00e9hicules \u00e0 moteur lourds <\/td><td class=\"column-2\"> CHF 0.90 <\/td><td class=\"column-3\"> CHF 11.70<\/td><td class=\"column-4\"> CHF 12.60<\/td>\n<\/tr>\n<\/tbody>\n<\/table>\n<!-- #tablepress-13 from cache --><\/div>\n\t\t\t\t\t\t<\/div>\n\t\t\t\t<\/div>\n\t\t\t\t<\/div>\n\t\t<div class=\"elementor-element elementor-element-a01db52 e-con-full e-flex e-con e-child\" data-id=\"a01db52\" data-element_type=\"container\" data-e-type=\"container\">\n\t\t\t\t<\/div>\n\t\t\t\t\t<\/div>\n\t\t\t\t<\/div>\n\t\t<div class=\"elementor-element elementor-element-6d0dae6 e-flex e-con-boxed e-con e-parent\" data-id=\"6d0dae6\" data-element_type=\"container\" data-e-type=\"container\">\n\t\t\t\t\t<div class=\"e-con-inner\">\n\t\t\t\t<div class=\"elementor-element elementor-element-46e610a elementor-widget elementor-widget-spacer\" data-id=\"46e610a\" data-element_type=\"widget\" data-e-type=\"widget\" data-widget_type=\"spacer.default\">\n\t\t\t\t<div class=\"elementor-widget-container\">\n\t\t\t\t\t\t\t<div class=\"elementor-spacer\">\n\t\t\t<div class=\"elementor-spacer-inner\"><\/div>\n\t\t<\/div>\n\t\t\t\t\t\t<\/div>\n\t\t\t\t<\/div>\n\t\t\t\t\t<\/div>\n\t\t\t\t<\/div>\n\t\t\t\t<\/div>\n\t\t","protected":false},"excerpt":{"rendered":"<p>Les contributions annuelles pour le financement du Bureau National d\u2019Assurance BNA et du Fonds National de Garantie FNG seront adapt\u00e9es \u00e0 partir du 1.1.2026.<\/p>\n","protected":false},"author":1,"featured_media":2601,"comment_status":"closed","ping_status":"closed","sticky":false,"template":"","format":"standard","meta":{"_acf_changed":false,"footnotes":""},"categories":[25],"tags":[],"class_list":["post-3438","post","type-post","status-publish","format-standard","has-post-thumbnail","hentry","category-aktuell-fr"],"acf":[],"yoast_head":"<!-- This site is optimized with the Yoast SEO plugin v27.4 - https:\/\/yoast.com\/product\/yoast-seo-wordpress\/ -->\n<title>Contributions 2026 - Nationales Versicherungsb\u00fcro | Nationaler Garantiefonds<\/title>\n<meta name=\"robots\" content=\"index, follow, max-snippet:-1, max-image-preview:large, max-video-preview:-1\" \/>\n<link rel=\"canonical\" href=\"https:\/\/www.nbi-ngf.ch\/fr\/2025\/08\/19\/contributions-2026\/\" \/>\n<meta property=\"og:locale\" content=\"fr_FR\" \/>\n<meta property=\"og:type\" content=\"article\" \/>\n<meta property=\"og:title\" content=\"Contributions 2026 - Nationales Versicherungsb\u00fcro | Nationaler Garantiefonds\" \/>\n<meta property=\"og:description\" content=\"Les contributions annuelles pour le financement du Bureau National d\u2019Assurance BNA et du Fonds National de Garantie FNG seront adapt\u00e9es \u00e0 partir du 1.1.2026.\" \/>\n<meta property=\"og:url\" content=\"https:\/\/www.nbi-ngf.ch\/fr\/2025\/08\/19\/contributions-2026\/\" \/>\n<meta property=\"og:site_name\" content=\"Nationales Versicherungsb\u00fcro | Nationaler Garantiefonds\" \/>\n<meta property=\"article:published_time\" content=\"2025-08-19T06:28:23+00:00\" \/>\n<meta property=\"article:modified_time\" content=\"2026-04-20T04:58:01+00:00\" \/>\n<meta property=\"og:image\" content=\"https:\/\/www.nbi-ngf.ch\/wp-content\/uploads\/2025\/07\/Beitraege_Teaser.JPG.jpeg\" \/>\n\t<meta property=\"og:image:width\" content=\"247\" \/>\n\t<meta property=\"og:image:height\" content=\"195\" \/>\n\t<meta property=\"og:image:type\" content=\"image\/jpeg\" \/>\n<meta name=\"author\" content=\"wgsuperuser\" \/>\n<meta name=\"twitter:card\" content=\"summary_large_image\" \/>\n<meta name=\"twitter:label1\" content=\"\u00c9crit par\" \/>\n\t<meta name=\"twitter:data1\" content=\"wgsuperuser\" \/>\n\t<meta name=\"twitter:label2\" content=\"Dur\u00e9e de lecture estim\u00e9e\" \/>\n\t<meta name=\"twitter:data2\" content=\"2 minutes\" \/>\n<script type=\"application\/ld+json\" class=\"yoast-schema-graph\">{\"@context\":\"https:\\\/\\\/schema.org\",\"@graph\":[{\"@type\":\"Article\",\"@id\":\"https:\\\/\\\/www.nbi-ngf.ch\\\/fr\\\/2025\\\/08\\\/19\\\/contributions-2026\\\/#article\",\"isPartOf\":{\"@id\":\"https:\\\/\\\/www.nbi-ngf.ch\\\/fr\\\/2025\\\/08\\\/19\\\/contributions-2026\\\/\"},\"author\":{\"name\":\"wgsuperuser\",\"@id\":\"https:\\\/\\\/www.nbi-ngf.ch\\\/fr\\\/#\\\/schema\\\/person\\\/2295911645eb8eda2ea5c43d4e206557\"},\"headline\":\"Contributions 2026\",\"datePublished\":\"2025-08-19T06:28:23+00:00\",\"dateModified\":\"2026-04-20T04:58:01+00:00\",\"mainEntityOfPage\":{\"@id\":\"https:\\\/\\\/www.nbi-ngf.ch\\\/fr\\\/2025\\\/08\\\/19\\\/contributions-2026\\\/\"},\"wordCount\":148,\"publisher\":{\"@id\":\"https:\\\/\\\/www.nbi-ngf.ch\\\/fr\\\/#organization\"},\"image\":{\"@id\":\"https:\\\/\\\/www.nbi-ngf.ch\\\/fr\\\/2025\\\/08\\\/19\\\/contributions-2026\\\/#primaryimage\"},\"thumbnailUrl\":\"https:\\\/\\\/www.nbi-ngf.ch\\\/wp-content\\\/uploads\\\/2025\\\/07\\\/Beitraege_Teaser.JPG.jpeg\",\"articleSection\":[\"Aktuell\"],\"inLanguage\":\"fr-FR\"},{\"@type\":\"WebPage\",\"@id\":\"https:\\\/\\\/www.nbi-ngf.ch\\\/fr\\\/2025\\\/08\\\/19\\\/contributions-2026\\\/\",\"url\":\"https:\\\/\\\/www.nbi-ngf.ch\\\/fr\\\/2025\\\/08\\\/19\\\/contributions-2026\\\/\",\"name\":\"Contributions 2026 - Nationales Versicherungsb\u00fcro | Nationaler Garantiefonds\",\"isPartOf\":{\"@id\":\"https:\\\/\\\/www.nbi-ngf.ch\\\/fr\\\/#website\"},\"primaryImageOfPage\":{\"@id\":\"https:\\\/\\\/www.nbi-ngf.ch\\\/fr\\\/2025\\\/08\\\/19\\\/contributions-2026\\\/#primaryimage\"},\"image\":{\"@id\":\"https:\\\/\\\/www.nbi-ngf.ch\\\/fr\\\/2025\\\/08\\\/19\\\/contributions-2026\\\/#primaryimage\"},\"thumbnailUrl\":\"https:\\\/\\\/www.nbi-ngf.ch\\\/wp-content\\\/uploads\\\/2025\\\/07\\\/Beitraege_Teaser.JPG.jpeg\",\"datePublished\":\"2025-08-19T06:28:23+00:00\",\"dateModified\":\"2026-04-20T04:58:01+00:00\",\"breadcrumb\":{\"@id\":\"https:\\\/\\\/www.nbi-ngf.ch\\\/fr\\\/2025\\\/08\\\/19\\\/contributions-2026\\\/#breadcrumb\"},\"inLanguage\":\"fr-FR\",\"potentialAction\":[{\"@type\":\"ReadAction\",\"target\":[\"https:\\\/\\\/www.nbi-ngf.ch\\\/fr\\\/2025\\\/08\\\/19\\\/contributions-2026\\\/\"]}]},{\"@type\":\"ImageObject\",\"inLanguage\":\"fr-FR\",\"@id\":\"https:\\\/\\\/www.nbi-ngf.ch\\\/fr\\\/2025\\\/08\\\/19\\\/contributions-2026\\\/#primaryimage\",\"url\":\"https:\\\/\\\/www.nbi-ngf.ch\\\/wp-content\\\/uploads\\\/2025\\\/07\\\/Beitraege_Teaser.JPG.jpeg\",\"contentUrl\":\"https:\\\/\\\/www.nbi-ngf.ch\\\/wp-content\\\/uploads\\\/2025\\\/07\\\/Beitraege_Teaser.JPG.jpeg\",\"width\":247,\"height\":195},{\"@type\":\"BreadcrumbList\",\"@id\":\"https:\\\/\\\/www.nbi-ngf.ch\\\/fr\\\/2025\\\/08\\\/19\\\/contributions-2026\\\/#breadcrumb\",\"itemListElement\":[{\"@type\":\"ListItem\",\"position\":1,\"name\":\"Home\",\"item\":\"https:\\\/\\\/www.nbi-ngf.ch\\\/fr\\\/\"},{\"@type\":\"ListItem\",\"position\":2,\"name\":\"Contributions 2026\"}]},{\"@type\":\"WebSite\",\"@id\":\"https:\\\/\\\/www.nbi-ngf.ch\\\/fr\\\/#website\",\"url\":\"https:\\\/\\\/www.nbi-ngf.ch\\\/fr\\\/\",\"name\":\"Nationales Versicherungsb\u00fcro | Nationaler Garantiefonds\",\"description\":\"Schweiz\",\"publisher\":{\"@id\":\"https:\\\/\\\/www.nbi-ngf.ch\\\/fr\\\/#organization\"},\"potentialAction\":[{\"@type\":\"SearchAction\",\"target\":{\"@type\":\"EntryPoint\",\"urlTemplate\":\"https:\\\/\\\/www.nbi-ngf.ch\\\/fr\\\/?s={search_term_string}\"},\"query-input\":{\"@type\":\"PropertyValueSpecification\",\"valueRequired\":true,\"valueName\":\"search_term_string\"}}],\"inLanguage\":\"fr-FR\"},{\"@type\":\"Organization\",\"@id\":\"https:\\\/\\\/www.nbi-ngf.ch\\\/fr\\\/#organization\",\"name\":\"Nationales Versicherungsb\u00fcro | Nationaler Garantiefonds\",\"url\":\"https:\\\/\\\/www.nbi-ngf.ch\\\/fr\\\/\",\"logo\":{\"@type\":\"ImageObject\",\"inLanguage\":\"fr-FR\",\"@id\":\"https:\\\/\\\/www.nbi-ngf.ch\\\/fr\\\/#\\\/schema\\\/logo\\\/image\\\/\",\"url\":\"https:\\\/\\\/www.nbi-ngf.ch\\\/wp-content\\\/uploads\\\/2025\\\/04\\\/Logo-Nbi-Ngf.svg\",\"contentUrl\":\"https:\\\/\\\/www.nbi-ngf.ch\\\/wp-content\\\/uploads\\\/2025\\\/04\\\/Logo-Nbi-Ngf.svg\",\"caption\":\"Nationales Versicherungsb\u00fcro | Nationaler Garantiefonds\"},\"image\":{\"@id\":\"https:\\\/\\\/www.nbi-ngf.ch\\\/fr\\\/#\\\/schema\\\/logo\\\/image\\\/\"}},{\"@type\":\"Person\",\"@id\":\"https:\\\/\\\/www.nbi-ngf.ch\\\/fr\\\/#\\\/schema\\\/person\\\/2295911645eb8eda2ea5c43d4e206557\",\"name\":\"wgsuperuser\",\"image\":{\"@type\":\"ImageObject\",\"inLanguage\":\"fr-FR\",\"@id\":\"https:\\\/\\\/secure.gravatar.com\\\/avatar\\\/613c72dbdf3aa98019efbbbb7be6cdeb166f9b8d958a22898acef8fe44488367?s=96&d=mm&r=g\",\"url\":\"https:\\\/\\\/secure.gravatar.com\\\/avatar\\\/613c72dbdf3aa98019efbbbb7be6cdeb166f9b8d958a22898acef8fe44488367?s=96&d=mm&r=g\",\"contentUrl\":\"https:\\\/\\\/secure.gravatar.com\\\/avatar\\\/613c72dbdf3aa98019efbbbb7be6cdeb166f9b8d958a22898acef8fe44488367?s=96&d=mm&r=g\",\"caption\":\"wgsuperuser\"},\"sameAs\":[\"https:\\\/\\\/www.nbi-ngf.ch\"],\"url\":\"https:\\\/\\\/www.nbi-ngf.ch\\\/fr\\\/author\\\/wgsuperuser\\\/\"}]}<\/script>\n<!-- \/ Yoast SEO plugin. -->","yoast_head_json":{"title":"Contributions 2026 - Nationales Versicherungsb\u00fcro | Nationaler Garantiefonds","robots":{"index":"index","follow":"follow","max-snippet":"max-snippet:-1","max-image-preview":"max-image-preview:large","max-video-preview":"max-video-preview:-1"},"canonical":"https:\/\/www.nbi-ngf.ch\/fr\/2025\/08\/19\/contributions-2026\/","og_locale":"fr_FR","og_type":"article","og_title":"Contributions 2026 - Nationales Versicherungsb\u00fcro | Nationaler Garantiefonds","og_description":"Les contributions annuelles pour le financement du Bureau National d\u2019Assurance BNA et du Fonds National de Garantie FNG seront adapt\u00e9es \u00e0 partir du 1.1.2026.","og_url":"https:\/\/www.nbi-ngf.ch\/fr\/2025\/08\/19\/contributions-2026\/","og_site_name":"Nationales Versicherungsb\u00fcro | Nationaler Garantiefonds","article_published_time":"2025-08-19T06:28:23+00:00","article_modified_time":"2026-04-20T04:58:01+00:00","og_image":[{"width":247,"height":195,"url":"https:\/\/www.nbi-ngf.ch\/wp-content\/uploads\/2025\/07\/Beitraege_Teaser.JPG.jpeg","type":"image\/jpeg"}],"author":"wgsuperuser","twitter_card":"summary_large_image","twitter_misc":{"\u00c9crit par":"wgsuperuser","Dur\u00e9e de lecture estim\u00e9e":"2 minutes"},"schema":{"@context":"https:\/\/schema.org","@graph":[{"@type":"Article","@id":"https:\/\/www.nbi-ngf.ch\/fr\/2025\/08\/19\/contributions-2026\/#article","isPartOf":{"@id":"https:\/\/www.nbi-ngf.ch\/fr\/2025\/08\/19\/contributions-2026\/"},"author":{"name":"wgsuperuser","@id":"https:\/\/www.nbi-ngf.ch\/fr\/#\/schema\/person\/2295911645eb8eda2ea5c43d4e206557"},"headline":"Contributions 2026","datePublished":"2025-08-19T06:28:23+00:00","dateModified":"2026-04-20T04:58:01+00:00","mainEntityOfPage":{"@id":"https:\/\/www.nbi-ngf.ch\/fr\/2025\/08\/19\/contributions-2026\/"},"wordCount":148,"publisher":{"@id":"https:\/\/www.nbi-ngf.ch\/fr\/#organization"},"image":{"@id":"https:\/\/www.nbi-ngf.ch\/fr\/2025\/08\/19\/contributions-2026\/#primaryimage"},"thumbnailUrl":"https:\/\/www.nbi-ngf.ch\/wp-content\/uploads\/2025\/07\/Beitraege_Teaser.JPG.jpeg","articleSection":["Aktuell"],"inLanguage":"fr-FR"},{"@type":"WebPage","@id":"https:\/\/www.nbi-ngf.ch\/fr\/2025\/08\/19\/contributions-2026\/","url":"https:\/\/www.nbi-ngf.ch\/fr\/2025\/08\/19\/contributions-2026\/","name":"Contributions 2026 - Nationales Versicherungsb\u00fcro | Nationaler Garantiefonds","isPartOf":{"@id":"https:\/\/www.nbi-ngf.ch\/fr\/#website"},"primaryImageOfPage":{"@id":"https:\/\/www.nbi-ngf.ch\/fr\/2025\/08\/19\/contributions-2026\/#primaryimage"},"image":{"@id":"https:\/\/www.nbi-ngf.ch\/fr\/2025\/08\/19\/contributions-2026\/#primaryimage"},"thumbnailUrl":"https:\/\/www.nbi-ngf.ch\/wp-content\/uploads\/2025\/07\/Beitraege_Teaser.JPG.jpeg","datePublished":"2025-08-19T06:28:23+00:00","dateModified":"2026-04-20T04:58:01+00:00","breadcrumb":{"@id":"https:\/\/www.nbi-ngf.ch\/fr\/2025\/08\/19\/contributions-2026\/#breadcrumb"},"inLanguage":"fr-FR","potentialAction":[{"@type":"ReadAction","target":["https:\/\/www.nbi-ngf.ch\/fr\/2025\/08\/19\/contributions-2026\/"]}]},{"@type":"ImageObject","inLanguage":"fr-FR","@id":"https:\/\/www.nbi-ngf.ch\/fr\/2025\/08\/19\/contributions-2026\/#primaryimage","url":"https:\/\/www.nbi-ngf.ch\/wp-content\/uploads\/2025\/07\/Beitraege_Teaser.JPG.jpeg","contentUrl":"https:\/\/www.nbi-ngf.ch\/wp-content\/uploads\/2025\/07\/Beitraege_Teaser.JPG.jpeg","width":247,"height":195},{"@type":"BreadcrumbList","@id":"https:\/\/www.nbi-ngf.ch\/fr\/2025\/08\/19\/contributions-2026\/#breadcrumb","itemListElement":[{"@type":"ListItem","position":1,"name":"Home","item":"https:\/\/www.nbi-ngf.ch\/fr\/"},{"@type":"ListItem","position":2,"name":"Contributions 2026"}]},{"@type":"WebSite","@id":"https:\/\/www.nbi-ngf.ch\/fr\/#website","url":"https:\/\/www.nbi-ngf.ch\/fr\/","name":"Nationales Versicherungsb\u00fcro | Nationaler Garantiefonds","description":"Schweiz","publisher":{"@id":"https:\/\/www.nbi-ngf.ch\/fr\/#organization"},"potentialAction":[{"@type":"SearchAction","target":{"@type":"EntryPoint","urlTemplate":"https:\/\/www.nbi-ngf.ch\/fr\/?s={search_term_string}"},"query-input":{"@type":"PropertyValueSpecification","valueRequired":true,"valueName":"search_term_string"}}],"inLanguage":"fr-FR"},{"@type":"Organization","@id":"https:\/\/www.nbi-ngf.ch\/fr\/#organization","name":"Nationales Versicherungsb\u00fcro | Nationaler Garantiefonds","url":"https:\/\/www.nbi-ngf.ch\/fr\/","logo":{"@type":"ImageObject","inLanguage":"fr-FR","@id":"https:\/\/www.nbi-ngf.ch\/fr\/#\/schema\/logo\/image\/","url":"https:\/\/www.nbi-ngf.ch\/wp-content\/uploads\/2025\/04\/Logo-Nbi-Ngf.svg","contentUrl":"https:\/\/www.nbi-ngf.ch\/wp-content\/uploads\/2025\/04\/Logo-Nbi-Ngf.svg","caption":"Nationales Versicherungsb\u00fcro | Nationaler Garantiefonds"},"image":{"@id":"https:\/\/www.nbi-ngf.ch\/fr\/#\/schema\/logo\/image\/"}},{"@type":"Person","@id":"https:\/\/www.nbi-ngf.ch\/fr\/#\/schema\/person\/2295911645eb8eda2ea5c43d4e206557","name":"wgsuperuser","image":{"@type":"ImageObject","inLanguage":"fr-FR","@id":"https:\/\/secure.gravatar.com\/avatar\/613c72dbdf3aa98019efbbbb7be6cdeb166f9b8d958a22898acef8fe44488367?s=96&d=mm&r=g","url":"https:\/\/secure.gravatar.com\/avatar\/613c72dbdf3aa98019efbbbb7be6cdeb166f9b8d958a22898acef8fe44488367?s=96&d=mm&r=g","contentUrl":"https:\/\/secure.gravatar.com\/avatar\/613c72dbdf3aa98019efbbbb7be6cdeb166f9b8d958a22898acef8fe44488367?s=96&d=mm&r=g","caption":"wgsuperuser"},"sameAs":["https:\/\/www.nbi-ngf.ch"],"url":"https:\/\/www.nbi-ngf.ch\/fr\/author\/wgsuperuser\/"}]}},"_links":{"self":[{"href":"https:\/\/www.nbi-ngf.ch\/fr\/wp-json\/wp\/v2\/posts\/3438","targetHints":{"allow":["GET"]}}],"collection":[{"href":"https:\/\/www.nbi-ngf.ch\/fr\/wp-json\/wp\/v2\/posts"}],"about":[{"href":"https:\/\/www.nbi-ngf.ch\/fr\/wp-json\/wp\/v2\/types\/post"}],"author":[{"embeddable":true,"href":"https:\/\/www.nbi-ngf.ch\/fr\/wp-json\/wp\/v2\/users\/1"}],"replies":[{"embeddable":true,"href":"https:\/\/www.nbi-ngf.ch\/fr\/wp-json\/wp\/v2\/comments?post=3438"}],"version-history":[{"count":17,"href":"https:\/\/www.nbi-ngf.ch\/fr\/wp-json\/wp\/v2\/posts\/3438\/revisions"}],"predecessor-version":[{"id":8541,"href":"https:\/\/www.nbi-ngf.ch\/fr\/wp-json\/wp\/v2\/posts\/3438\/revisions\/8541"}],"wp:featuredmedia":[{"embeddable":true,"href":"https:\/\/www.nbi-ngf.ch\/fr\/wp-json\/wp\/v2\/media\/2601"}],"wp:attachment":[{"href":"https:\/\/www.nbi-ngf.ch\/fr\/wp-json\/wp\/v2\/media?parent=3438"}],"wp:term":[{"taxonomy":"category","embeddable":true,"href":"https:\/\/www.nbi-ngf.ch\/fr\/wp-json\/wp\/v2\/categories?post=3438"},{"taxonomy":"post_tag","embeddable":true,"href":"https:\/\/www.nbi-ngf.ch\/fr\/wp-json\/wp\/v2\/tags?post=3438"}],"curies":[{"name":"wp","href":"https:\/\/api.w.org\/{rel}","templated":true}]}}